{"id":4336,"date":"2023-02-06T18:46:20","date_gmt":"2023-02-06T21:46:20","guid":{"rendered":"https:\/\/prod.digital\/blog\/\/?p=4336"},"modified":"2023-02-06T18:48:36","modified_gmt":"2023-02-06T21:48:36","slug":"empresa-gptw","status":"publish","type":"post","link":"https:\/\/prod.digital\/blog\/empresa-gptw\/","title":{"rendered":"Empresa GPTW: o resultado de uma cultura de confian\u00e7a, alto desempenho e inova\u00e7\u00e3o"},"content":{"rendered":"<p><span style=\"font-weight: 300;\">Somos uma <\/span><span style=\"font-weight: 500;\">empresa GPTW<\/span><span style=\"font-weight: 300;\">! Pelo 4\u00ba ano consecutivo, fomos reconhecidos como uma das melhores empresas para se trabalhar no Brasil pelo <\/span><span style=\"font-weight: 500;\">Great Place to Work (GPTW)<\/span><span style=\"font-weight: 300;\">.<\/span><\/p>\n<p><span style=\"font-weight: 300;\">O <\/span><span style=\"font-weight: 500;\">GPTW<\/span><span style=\"font-weight: 300;\"> \u00e9 uma consultoria global que se dedica a identificar e reconhecer empresas que proporcionam um ambiente de trabalho positivo e inclusivo para os colaboradores. Ter esse reconhecimento refor\u00e7a a cultura de confian\u00e7a, alto desempenho e inova\u00e7\u00e3o que buscamos no nosso dia a dia.<\/span><\/p>\n<p><span style=\"font-weight: 300;\">Al\u00e9m da conquista do selo pela 4\u00aa a vez, a <\/span><span style=\"font-weight: 500;\">Prod<\/span><span style=\"font-weight: 300;\"> j\u00e1 recebeu outras 3 premia\u00e7\u00f5es pelo GPTW, em 2022, sendo reconhecida como <\/span><a target=\"_blank\" href=\"https:\/\/prod.digital\/blog\/gptw-3\/\" rel=\"noopener\"><span style=\"font-weight: 300;\">3\u00aa melhor ag\u00eancia para se trabalhar no Brasil<\/span><\/a><span style=\"font-weight: 300;\">, <\/span><a target=\"_blank\" href=\"https:\/\/prod.digital\/blog\/gptw-top-13-mg\/\" rel=\"noopener\"><span style=\"font-weight: 300;\">13\u00aa melhor empresa de Minas Gerais<\/span><\/a><span style=\"font-weight: 300;\"> e <\/span><a target=\"_blank\" href=\"https:\/\/prod.digital\/blog\/gptw-pequenas-empresas-brasil\/\" rel=\"noopener\"><span style=\"font-weight: 300;\">51\u00aa melhor pequena empresa do Brasil<\/span><\/a><span style=\"font-weight: 300;\">.<\/span><\/p>\n<h2><span style=\"font-weight: 500;\">Como \u00e9 feita <\/span><span style=\"font-weight: 500;\">a pesquisa GPTW?<\/span><\/h2>\n<p><span style=\"font-weight: 300;\">A pesquisa GP<\/span><span style=\"font-weight: 300;\">TW \u00e9 realizada em duas etapas: uma avalia\u00e7\u00e3o da cultura e pol\u00edticas da empresa, e uma pesquisa de opini\u00e3o dos colaboradores.\u00a0<\/span><\/p>\n<p><span style=\"font-weight: 300;\">Na primeira etapa de avalia\u00e7\u00e3o, s\u00e3o analisadas as pol\u00edticas de diversidade, equidade e bem-estar. Na segunda etapa, os colaboradores s\u00e3o convidados a responder a uma pesquisa online, dando feedback sobre a satisfa\u00e7\u00e3o no ambiente de trabalho. As respostas s\u00e3o analisadas e usadas para avaliar a cultura da empresa e determinar se ela atende aos crit\u00e9rios para receber o selo <\/span><span style=\"font-weight: 500;\">Great Place to Work<\/span><span style=\"font-weight: 300;\">.\u00a0<\/span><\/p>\n<p><span style=\"font-weight: 300;\">Nessa etapa, s\u00e3o avaliadas 5 dimens\u00f5es:<\/span><\/p>\n<ol>\n<li style=\"font-weight: 300;\" aria-level=\"1\"><b>Credibilidade: <\/b><span style=\"font-weight: 300;\">avalia se colaboradores consideram seus gestores confi\u00e1veis, ao medir as percep\u00e7\u00f5es sobre as pr\u00e1ticas de comunica\u00e7\u00e3o, compet\u00eancia e integridade dos gestores.<\/span><\/li>\n<li style=\"font-weight: 300;\" aria-level=\"1\"><b>Respeito:<\/b><span style=\"font-weight: 300;\"> como o pr\u00f3prio nome sugere, avalia a medida com que colaboradores se sentem respeitados por seus gestores, ao monitorar os n\u00edveis de suporte, colabora\u00e7\u00e3o e aten\u00e7\u00e3o que vivenciam por meio das a\u00e7\u00f5es da lideran\u00e7a.<\/span><\/li>\n<li style=\"font-weight: 300;\" aria-level=\"1\"><b>Imparcialidade:<\/b> <span style=\"font-weight: 300;\">mede o quanto os colaboradores consideram as pr\u00e1ticas e pol\u00edticas de gest\u00e3o justas, avaliando a equidade, imparcialidade no reconhecimento e justi\u00e7a que os funcion\u00e1rios percebem no ambiente de trabalho.<\/span><\/li>\n<li style=\"font-weight: 300;\" aria-level=\"1\"><b>Orgulho:<\/b> <span style=\"font-weight: 300;\">mede a rela\u00e7\u00e3o que funcion\u00e1rios t\u00eam com seus projetos ao avaliar sentimentos em rela\u00e7\u00e3o \u00e0s suas fun\u00e7\u00f5es, equipe e ambiente de trabalho.<\/span><\/li>\n<li style=\"font-weight: 300;\" aria-level=\"1\"><b>Camaradagem: <\/b><span style=\"font-weight: 300;\">mede o sentimento de companheirismo no ambiente de trabalho ao avaliar a qualidade da proximidade, hospitalidade e comunidade dentro da empresa.<\/span><\/li>\n<\/ol>\n<p><span style=\"font-weight: 300;\">Um dos grandes diferenciais da<\/span><span style=\"font-weight: 500;\"> GPTW<\/span><span style=\"font-weight: 300;\"> \u00e9 que a pesquisa \u00e9 totalmente confidencial e an\u00f4nima, garantindo a privacidade dos colaboradores e a integridade dos resultados.<\/span><\/p>\n<h2><span style=\"font-weight: 500;\">Esse \u00e9 o nosso Jeito Prod de Ser!<\/span><\/h2>\n<p><span style=\"font-weight: 300;\">Al\u00e9m de uma cultura organizacional forte, acreditamos que um relacionamento de total transpar\u00eancia, \u00e9tico e de respeito entre as pessoas \u00e9 essencial para alcan\u00e7ar o sucesso e promover um ambiente de trabalho positivo para os colaboradores.<\/span><\/p>\n<blockquote><p><em><span style=\"font-weight: 300;\">&#8220;O selo <\/span><span style=\"font-weight: 500;\">GPTW<\/span><span style=\"font-weight: 300;\"> tem um sentido muito maior do que apenas um selo. Ele valida o nosso C\u00f3digo de Cultura e o engajamento dos Prothers em viv\u00ea-lo diariamente. Ser uma empresa<\/span><span style=\"font-weight: 500;\"> GPTW<\/span><span style=\"font-weight: 300;\"> nos mostra que estamos na dire\u00e7\u00e3o certa: promovendo um ambiente saud\u00e1vel com pessoas felizes e engajadas, que trabalham com autonomia, valorizando genuinamente a conex\u00e3o e a colabora\u00e7\u00e3o. Tem a ver com senso de dono, pertencimento e orgulho em estar em um lugar que valoriza, acima de tudo, as pessoas.\u201d <\/span><\/em><span style=\"font-weight: 300;\">Patrik Bitencourt, Gestor da Felicidade.<\/span><\/p><\/blockquote>\n<p><span style=\"font-weight: 300;\">Aqui na<\/span><span style=\"font-weight: 500;\"> Prod<\/span><span style=\"font-weight: 300;\">, usamos diferentes estrat\u00e9gias para promover o di\u00e1logo, incentivar o desenvolvimento, aumentar a conex\u00e3o e manter as expectativas alinhadas entre colaboradores e seus l\u00edderes. Algumas das nossas iniciativas s\u00e3o:<\/span><\/p>\n<ul>\n<li aria-level=\"1\"><strong>Happy hour;<\/strong><\/li>\n<\/ul>\n<ul>\n<li aria-level=\"1\"><strong>Caf\u00e9 colaborativo;<\/strong><\/li>\n<\/ul>\n<ul>\n<li aria-level=\"1\"><strong>Pesquisa de Felicidade;<\/strong><\/li>\n<\/ul>\n<ul>\n<li aria-level=\"1\"><strong>Treinamentos de hard skills;<\/strong><\/li>\n<\/ul>\n<ul>\n<li aria-level=\"1\"><strong>Participa\u00e7\u00e3o em cursos e eventos;<\/strong><\/li>\n<\/ul>\n<ul>\n<li aria-level=\"1\"><strong>Planos de sa\u00fade e conv\u00eanios;<\/strong><\/li>\n<\/ul>\n<ul>\n<li aria-level=\"1\"><strong>C\u00edrculo de Conhecimento;<\/strong><\/li>\n<\/ul>\n<ul>\n<li aria-level=\"1\"><strong>Conversas 1:1 e feedbacks.<\/strong><\/li>\n<\/ul>\n<p><span style=\"font-weight: 300;\">Nossa Agilista do Squad de Campanhas, Stephanie DeMello, conta um pouco sobre como tem sido a experi\u00eancia de trabalhar em uma empresa <\/span><span style=\"font-weight: 500;\">GPTW<\/span><span style=\"font-weight: 300;\">.<\/span><\/p>\n<blockquote><p><em><span style=\"font-weight: 300;\">\u201cEntrei na Prod em maio de 2022 como Agilista na \u00c1rea de Sucesso do Cliente. Sempre tive o sonho de trabalhar em uma ag\u00eancia em que a cultura fosse baseada em feedback e tivesse abertura e transpar\u00eancia entre a lideran\u00e7a e seus liderados. Trabalhar na Prod com a cultura de L\u00edder de Si est\u00e1 me fazendo crescer muito mais do que em qualquer outro lugar que eu j\u00e1 trabalhei. Hoje, atuo no Squad de Campanhas, na \u00c1rea de Performance, com projetos que exigem muito dinamismo e agilidade. Sinto que posso fazer uma carreira brilhante aqui dentro, porque \u00e9 um lugar de grandes possibilidades de crescimento e adapta\u00e7\u00e3o. Todos os Prothers s\u00e3o engajados e se dedicam muito ao que fazem, sempre em busca de resultados excelentes e satisfa\u00e7\u00e3o m\u00e1xima do cliente.\u201d<\/span><\/em><\/p><\/blockquote>\n<p><span style=\"font-weight: 300;\">Buscamos inovar em nossos processos e em nossa cultura para proporcionar experi\u00eancias incr\u00edveis aos nossos clientes e construir um ambiente de trabalho de qualidade para nossos colaboradores. Afinal, projetos desafiadores, bem-estar e cultura organizacional forte nos fazem ser <\/span><span style=\"font-weight: 500;\">GPTW<\/span><span style=\"font-weight: 300;\">.<\/span><\/p>\n<p><span style=\"font-weight: 300;\">Esse \u00e9 o nosso <\/span><a target=\"_blank\" href=\"https:\/\/prod.digital\/blog\/gptw-2\/\" rel=\"noopener\"><span style=\"font-weight: 300;\">Jeito Prod de Ser<\/span><\/a><span style=\"font-weight: 300;\">! Quer conhecer mais sobre o nosso mundo? Confira outros conte\u00fados dispon\u00edveis aqui no blog.\u00a0<\/span><\/p>\n","protected":false},"excerpt":{"rendered":"<p> Al\u00e9m de analisar a cultura organizacional, o GPTW identifica e reconhece empresas que proporcionam um ambiente de trabalho positivo e inclusivo para os colaboradores. <\/p>\n","protected":false},"author":28,"featured_media":4337,"comment_status":"open","ping_status":"open","sticky":false,"template":"","format":"standard","meta":{"_acf_changed":false,"footnotes":""},"categories":[382],"tags":[249,300,273,400],"class_list":["post-4336","post","type-post","status-publish","format-standard","has-post-thumbnail","hentry","category-lideranca-e-cultura","tag-gestao-de-pessoas","tag-gptw","tag-rh","tag-selo-gptw"],"acf":[],"_links":{"self":[{"href":"https:\/\/prod.digital\/blog\/wp-json\/wp\/v2\/posts\/4336","targetHints":{"allow":["GET"]}}],"collection":[{"href":"https:\/\/prod.digital\/blog\/wp-json\/wp\/v2\/posts"}],"about":[{"href":"https:\/\/prod.digital\/blog\/wp-json\/wp\/v2\/types\/post"}],"author":[{"embeddable":true,"href":"https:\/\/prod.digital\/blog\/wp-json\/wp\/v2\/users\/28"}],"replies":[{"embeddable":true,"href":"https:\/\/prod.digital\/blog\/wp-json\/wp\/v2\/comments?post=4336"}],"version-history":[{"count":5,"href":"https:\/\/prod.digital\/blog\/wp-json\/wp\/v2\/posts\/4336\/revisions"}],"predecessor-version":[{"id":4344,"href":"https:\/\/prod.digital\/blog\/wp-json\/wp\/v2\/posts\/4336\/revisions\/4344"}],"wp:featuredmedia":[{"embeddable":true,"href":"https:\/\/prod.digital\/blog\/wp-json\/wp\/v2\/media\/4337"}],"wp:attachment":[{"href":"https:\/\/prod.digital\/blog\/wp-json\/wp\/v2\/media?parent=4336"}],"wp:term":[{"taxonomy":"category","embeddable":true,"href":"https:\/\/prod.digital\/blog\/wp-json\/wp\/v2\/categories?post=4336"},{"taxonomy":"post_tag","embeddable":true,"href":"https:\/\/prod.digital\/blog\/wp-json\/wp\/v2\/tags?post=4336"}],"curies":[{"name":"wp","href":"https:\/\/api.w.org\/{rel}","templated":true}]}}