{"id":4113,"date":"2022-07-18T11:00:37","date_gmt":"2022-07-18T14:00:37","guid":{"rendered":"https:\/\/prod.digital\/blog\/\/?p=4113"},"modified":"2023-03-23T15:07:14","modified_gmt":"2023-03-23T18:07:14","slug":"gestao-de-live","status":"publish","type":"post","link":"https:\/\/prod.digital\/blog\/gestao-de-live\/","title":{"rendered":"Como planejar uma live de sucesso: descubra o segredo"},"content":{"rendered":"<p><span style=\"font-weight: 300;\">Com a pandemia, o mundo precisou se reinventar. Foi a partir da\u00ed que o movimento de<\/span>\u00a0<em><b>live<\/b><\/em><span style=\"font-weight: 300;\">\u00a0veio com tudo e nossos clientes embarcaram nessa onda!\u00a0<\/span><\/p>\n<p><span style=\"font-weight: 300;\">Durante a pandemia, o t\u00e3o falado \u201cfique em casa\u201d privou as pessoas de algumas liberdades em prol da sa\u00fade, como ir a festas e shows. Foi a\u00ed tamb\u00e9m que surgiram <\/span><a target=\"_blank\" href=\"https:\/\/prod.digital\/blog\/tendencias-marketing-digital-2022\/\" rel=\"noopener\"><span style=\"font-weight: 300;\">novas tend\u00eancias<\/span><\/a><span style=\"font-weight: 300;\"> de comunica\u00e7\u00e3o, informa\u00e7\u00e3o e entretenimento.<\/span><\/p>\n<p><span style=\"font-weight: 300;\">Diversas oportunidades surgiram. A pandemia acelerou o <\/span><b>digital<\/b><span style=\"font-weight: 300;\"> e o poder de alcance dos <\/span><a target=\"_blank\" href=\"https:\/\/prod.digital\/blog\/eventos-online\/\" rel=\"noopener\"><b>eventos <\/b><b><i>online<\/i><\/b><\/a><span style=\"font-weight: 300;\"> incentivou o interesse de diversas marcas que nunca tinham enxergado potencial ali.\u00a0<\/span><\/p>\n<p><span style=\"font-weight: 300;\">As<\/span> <em><b>lives<\/b><\/em> <span style=\"font-weight: 300;\">se tornaram uma ferramenta promissora no <\/span><span style=\"font-weight: 500;\">marketing digital<\/span><span style=\"font-weight: 300;\">, principalmente para quem pensa no presente e tamb\u00e9m no futuro, porque elas vieram para ficar!\u00a0<\/span><\/p>\n<p><span style=\"font-weight: 300;\">Artistas, empresas e grandes marcas se beneficiaram das <\/span><em><span style=\"font-weight: 500;\">lives<\/span><\/em><span style=\"font-weight: 300;\">. Fazer um show, divulgar um produto, apresentar um evento ou um curso, tudo isso ficou muito f\u00e1cil com as<\/span> <em><b>lives<\/b><\/em><span style=\"font-weight: 300;\">. Novos formatos de propaga\u00e7\u00e3o de marca surgiram no <\/span><b>digital<\/b> <span style=\"font-weight: 300;\">a partir do <\/span><em><span style=\"font-weight: 300;\">boom<\/span><\/em><span style=\"font-weight: 300;\"> dessa <\/span><b>tend\u00eancia<\/b><span style=\"font-weight: 300;\">.\u00a0<\/span><\/p>\n<h2>Como trouxemos essa tend\u00eancia para o nosso mundo?<\/h2>\n<p><span style=\"font-weight: 300;\">Nossos clientes se reinventaram e n\u00f3s tamb\u00e9m tivemos que nos adaptar. Enxergamos no movimento uma grande oportunidade de unir nossa <\/span><em><span style=\"font-weight: 300;\">expertise<\/span><\/em><span style=\"font-weight: 300;\"> no <\/span><span style=\"font-weight: 500;\">marketing digital<\/span><span style=\"font-weight: 300;\"> com o prop\u00f3sito dos nossos clientes de cuidados para a vida.<\/span><\/p>\n<p><span style=\"font-weight: 300;\">Foi nessa onda que a nossa cliente GSK | ViiV Healthcare, com o projeto <\/span><a target=\"_blank\" href=\"https:\/\/prod.digital\/blog\/conheca-o-participathivos-um-projeto-de-marketing-digital-que-e-a-cara-da-prod\/\" rel=\"noopener\"><b>Participathivos<\/b><\/a><span style=\"font-weight: 300;\">, come\u00e7ou a surfar para transformar a vida de pessoas ao redor do mundo sem tir\u00e1-las de suas casas e mudar a maneira de fazer comunica\u00e7\u00e3o <\/span><span style=\"font-weight: 500;\">digital<\/span><span style=\"font-weight: 300;\">.\u00a0<\/span><\/p>\n<p><span style=\"font-weight: 300;\">A grande farmac\u00eautica multinacional trouxe para a<\/span> <b>Prod<\/b><span style=\"font-weight: 300;\"> o desafio da <\/span><a target=\"_blank\" href=\"https:\/\/www.participathivosgsk.com.br\/Topico\/Jornada-Participathivos\" rel=\"noopener\"><b>Jornada <\/b><b>Participathivos<\/b><\/a><span style=\"font-weight: 300;\">: um evento focado em levar informa\u00e7\u00f5es relevantes e oferecer apoio a quem vive ou cuida de quem vive com HIV e Aids.\u00a0<\/span><\/p>\n<p><span style=\"font-weight: 300;\">De uma maneira muito leve, profissionais de sa\u00fade e pessoas que fazem parte do universo HIV <\/span><em><span style=\"font-weight: 300;\">positive<\/span><\/em><span style=\"font-weight: 300;\"> abordam, em cada edi\u00e7\u00e3o do <\/span><span style=\"font-weight: 500;\">evento <\/span><i><span style=\"font-weight: 500;\">online<\/span><\/i><span style=\"font-weight: 300;\">, temas de relev\u00e2ncia para o assunto, como diagn\u00f3stico, tratamento, qualidade de vida, estigma e preconceito.\u00a0<\/span><\/p>\n<h2><span style=\"font-weight: 500;\">Mais do que uma <\/span><em><span style=\"font-weight: 500;\">live<\/span><\/em><span style=\"font-weight: 500;\">, um evento que transforma vidas<\/span><\/h2>\n<p><span style=\"font-weight: 300;\">Quando o projeto <\/span><b>Participathivos<\/b><span style=\"font-weight: 300;\"> chegou \u00e0 Prod, em 2020, nosso maior desafio era encontrar, conquistar e fidelizar o p\u00fablico-alvo, a fim de fazer com que ele navegasse pelos conte\u00fados do portal. Em 2021, quando <\/span><a target=\"_blank\" href=\"https:\/\/prod.digital\/blog\/conheca-o-participathivos-um-projeto-de-marketing-digital-que-e-a-cara-da-prod\/\" rel=\"noopener\"><span style=\"font-weight: 300;\">renovamos nossa parceria<\/span><\/a><span style=\"font-weight: 300;\">, colocamos ainda mais for\u00e7a nesse objetivo.\u00a0<\/span><\/p>\n<p><span style=\"font-weight: 300;\">Tra\u00e7amos uma estrat\u00e9gia omnichannel para criar uma forte identifica\u00e7\u00e3o entre o p\u00fablico e o <\/span><b>Participathivos<\/b><span style=\"font-weight: 300;\">, contribuindo para que as pessoas que vivem com HIV se sentissem acolhidas e apoiadas verdadeiramente.<\/span><\/p>\n<p><span style=\"font-weight: 300;\">A estrat\u00e9gia trouxe n\u00e3o s\u00f3 a marcante presen\u00e7a nas plataformas (Google, Facebook, Instagram e Spotify), mas tamb\u00e9m o fortalecimento da Jornada <\/span><b>Participathivos<\/b><span style=\"font-weight: 300;\"> como uma<\/span> <em><b>live<\/b><\/em><span style=\"font-weight: 300;\"> de autoridade.\u00a0<\/span><\/p>\n<p><span style=\"font-weight: 300;\">Desde a escolha das datas marcantes para o p\u00fablico, at\u00e9 os palestrantes, n\u00f3s focamos sempre em tornar esse momento \u00fanico. Nossos times se re\u00fanem meses antes de cada Jornada para trocar ideias e compartilhar <em>insights<\/em> que contribuam para a evolu\u00e7\u00e3o de cada edi\u00e7\u00e3o do <\/span><b>evento <\/b><em><b>online<\/b><\/em><span style=\"font-weight: 300;\">.\u00a0<\/span><\/p>\n<p><span style=\"font-weight: 300;\">D\u00e1 s\u00f3 uma olhada na equipe de peso envolvida em cada reuni\u00e3o estrat\u00e9gica!<\/span><\/p>\n<ul>\n<li style=\"font-weight: 300;\" aria-level=\"1\"><span style=\"font-weight: 300;\">Dire\u00e7\u00e3o do produto (CMO);<\/span><\/li>\n<li style=\"font-weight: 300;\" aria-level=\"1\"><span style=\"font-weight: 300;\">Gerentes;<\/span><\/li>\n<li style=\"font-weight: 300;\" aria-level=\"1\"><span style=\"font-weight: 300;\">Coordenadores;<\/span><\/li>\n<li style=\"font-weight: 300;\" aria-level=\"1\"><span style=\"font-weight: 300;\">Sucesso do Cliente;<\/span><\/li>\n<li style=\"font-weight: 300;\" aria-level=\"1\"><span style=\"font-weight: 300;\">M\u00eddias;<\/span><\/li>\n<li style=\"font-weight: 300;\" aria-level=\"1\"><span style=\"font-weight: 300;\">Conte\u00fado e SEO;<\/span><\/li>\n<li style=\"font-weight: 300;\" aria-level=\"1\"><span style=\"font-weight: 300;\">Campanhas de Email Marketing;<\/span><\/li>\n<li style=\"font-weight: 300;\" aria-level=\"1\"><span style=\"font-weight: 300;\">\u00c1udio e V\u00eddeo 2D e 3D;<\/span><\/li>\n<li style=\"font-weight: 300;\" aria-level=\"1\"><span style=\"font-weight: 300;\">Pe\u00e7as de Comunica\u00e7\u00e3o (On\/Off);<\/span><\/li>\n<li style=\"font-weight: 300;\" aria-level=\"1\"><span style=\"font-weight: 300;\">Projetos de Sites.<\/span><\/li>\n<\/ul>\n<p><span style=\"font-weight: 300;\">Nas reuni\u00f5es, n\u00f3s analisamos:<\/span><\/p>\n<ul>\n<li style=\"font-weight: 300;\" aria-level=\"1\"><span style=\"font-weight: 300;\">Temas;<\/span><\/li>\n<li style=\"font-weight: 300;\" aria-level=\"1\"><span style=\"font-weight: 300;\">Datas;<\/span><\/li>\n<li style=\"font-weight: 300;\" aria-level=\"1\"><span style=\"font-weight: 300;\">P\u00fablico-alvo;<\/span><\/li>\n<li style=\"font-weight: 300;\" aria-level=\"1\"><span style=\"font-weight: 300;\">Palestrantes;<\/span><\/li>\n<li style=\"font-weight: 300;\" aria-level=\"1\"><span style=\"font-weight: 300;\">A\u00e7\u00f5es de divulga\u00e7\u00e3o;<\/span><\/li>\n<li style=\"font-weight: 300;\" aria-level=\"1\"><span style=\"font-weight: 300;\">Nutri\u00e7\u00e3o do relacionamento.<\/span><\/li>\n<\/ul>\n<p><span style=\"font-weight: 300;\">Nossos times tamb\u00e9m fazem uma imers\u00e3o no universo dos influenciadores digitais, a fim de identificar personalidades que t\u00eam tudo a ver com o projeto e que podem compartilhar seus depoimentos reais durante a<\/span> <em><b>live<\/b><\/em><span style=\"font-weight: 300;\">.\u00a0<\/span><\/p>\n<p><span style=\"font-weight: 300;\">Todas essas a\u00e7\u00f5es contribuem para que o p\u00fablico do <\/span><b>Participathivos<\/b> <span style=\"font-weight: 300;\">esteja cada vez mais consolidado e engajado, tornando o projeto refer\u00eancia nacional em informa\u00e7\u00f5es sobre HIV e Aids.<\/span><\/p>\n<p><span style=\"font-weight: 300;\">Mas n\u00e3o s\u00f3 o projeto <\/span><b>Participathivos<\/b><span style=\"font-weight: 300;\"> embarcou na onda das <\/span><b><i>lives<\/i><\/b><span style=\"font-weight: 300;\">. S\u00f3 em 2020 e 2021, cerca de 150<\/span> <em><b>lives<\/b><\/em><span style=\"font-weight: 300;\"> foram feitas pela<\/span> <b>Prod<\/b><span style=\"font-weight: 300;\"> e milhares de vidas foram impactadas positivamente.\u00a0<\/span><\/p>\n<h2><span style=\"font-weight: 500;\">Como s\u00e3o produzidas as\u00a0<\/span><em><span style=\"font-weight: 500;\">lives<\/span><\/em><i><span style=\"font-weight: 500;\">?<\/span><\/i><\/h2>\n<p><span style=\"font-weight: 300;\">O primeiro passo \u00e9 come\u00e7ar com um <\/span><a target=\"_blank\" href=\"https:\/\/prod.digital\/blog\/planejamento-operacional\/\" rel=\"noopener\"><span style=\"font-weight: 300;\">planejamento operacional<\/span><\/a><span style=\"font-weight: 300;\"> bem desenhado, definindo toda a estrutura da<\/span> <b>live<\/b><span style=\"font-weight: 500;\">.<\/span><\/p>\n<p><span style=\"font-weight: 300;\">Nessa etapa, entendemos com qual p\u00fablico o cliente deseja conversar e come\u00e7amos com a sele\u00e7\u00e3o de pautas, escolha de palestrantes e defini\u00e7\u00e3o dos meios de divulga\u00e7\u00e3o (campanhas em m\u00eddias pagas, banner de Whatsapp, E-mail Marketing, etc).<\/span><\/p>\n<p><span style=\"font-weight: 300;\">O processo tamb\u00e9m envolve o cadastro da<\/span> <em><b>live<\/b><\/em> <span style=\"font-weight: 300;\">na plataforma em que ela ser\u00e1 hospedada e reproduzida, como YouTube, Vimeo ou Facebook. N\u00e3o necessariamente todas as <\/span><em><b>lives<\/b><\/em><span style=\"font-weight: 300;\"> t\u00eam uma plataforma pr\u00f3pria, mas ela \u00e9 interessante para gerar identifica\u00e7\u00e3o da marca, principalmente no caso de eventos anuais ou semestrais, como no caso da Jornada<\/span> <b>Participathivos<\/b><span style=\"font-weight: 300;\">.<\/span><\/p>\n<p><span style=\"font-weight: 300;\">A escolha da plataforma tamb\u00e9m precisa ser estrat\u00e9gica para garantir que a experi\u00eancia do usu\u00e1rio seja excelente do in\u00edcio ao fim. Algumas plataformas permitem intera\u00e7\u00f5es em tempo real com o p\u00fablico, aumentando as taxas de engajamento durante a<\/span> <b><i>live<\/i><\/b><span style=\"font-weight: 300;\">, al\u00e9m de oferecem a possibilidade de deixar a transmiss\u00e3o salva, o que contribui para uma nutri\u00e7\u00e3o do relacionamento ap\u00f3s o evento.<\/span><\/p>\n<h2><span style=\"font-weight: 500;\">Quais s\u00e3o as formas de exibi\u00e7\u00e3o das <\/span><em><span style=\"font-weight: 500;\">lives<\/span><\/em><span style=\"font-weight: 500;\">?<\/span><\/h2>\n<p><span style=\"font-weight: 300;\">As<\/span> <em><b>lives<\/b><\/em><span style=\"font-weight: 300;\"> podem ser p\u00fablicas ou privadas. A escolha do modelo vai de acordo com p\u00fablico-alvo daquela exibi\u00e7\u00e3o e da<\/span> <b>estrat\u00e9gia<\/b><span style=\"font-weight: 300;\"> de <\/span><b>marketing digital<\/b><span style=\"font-weight: 300;\">. Por exemplo, aqui na<\/span> <b>Prod<\/b><span style=\"font-weight: 300;\">, muitas das<\/span> <em><b>lives<\/b><\/em><span style=\"font-weight: 300;\"> que produzimos s\u00e3o focadas em m\u00e9dicos ou profissionais de sa\u00fade. Ou seja, o conte\u00fado \u00e9 direcionado a um p\u00fablico muito espec\u00edfico e restrito, por isso, a exibi\u00e7\u00e3o \u00e9 privada.\u00a0<\/span><\/p>\n<p><span style=\"font-weight: 300;\">A dica de ouro \u00e9 ter sempre essa informa\u00e7\u00e3o alinhada com o cliente antes de qualquer coisa. <\/span><\/p>\n<h2><span style=\"font-weight: 500;\">Qual a import\u00e2ncia das <\/span><em><span style=\"font-weight: 500;\">lives<\/span><\/em><span style=\"font-weight: 500;\"> no marketing digital?<\/span><\/h2>\n<p><span style=\"font-weight: 300;\">Al\u00e9m de ser uma excelente <\/span><b>estrat\u00e9gia<\/b><span style=\"font-weight: 300;\"> para compartilhar informa\u00e7\u00f5es com mais praticidade e em qualquer lugar, as<\/span> <em><b>lives<\/b><\/em><span style=\"font-weight: 300;\"> estimulam o senso de urg\u00eancia e de exclusividade, fazendo com que as pessoas enxerguem mais valor e queiram interagir para fazer parte daquele momento.\u00a0<\/span><\/p>\n<p><span style=\"font-weight: 300;\">Mesmo que a transmiss\u00e3o fique dispon\u00edvel depois, a sensa\u00e7\u00e3o para o p\u00fablico n\u00e3o \u00e9 mais a mesma, porque parte das principais intera\u00e7\u00f5es, que s\u00e3o as em tempo real, s\u00e3o perdidas.<\/span><\/p>\n<p><span style=\"font-weight: 300;\">Outra grande vantagem \u00e9 que as<\/span> <em><b>lives<\/b><\/em><span style=\"font-weight: 300;\"> aumentam e muito a visibilidade da marca. Por si s\u00f3, essa<\/span> <b>estrat\u00e9gia<\/b><span style=\"font-weight: 300;\"> gera o senso de urg\u00eancia e, quando atrelada a outras formas de fazer comunica\u00e7\u00e3o, como divulga\u00e7\u00e3o em redes sociais, WhatsApp e Email Marketing, desperta novos gatilhos no p\u00fablico, aumenta o desejo pelo consumo de informa\u00e7\u00e3o e fortalece o v\u00ednculo com a marca dentro e fora do <\/span><b>digital<\/b><span style=\"font-weight: 300;\">.<\/span><\/p>\n<p><span style=\"font-weight: 300;\">Nenhuma mudan\u00e7a no <\/span><b>digital<\/b><span style=\"font-weight: 300;\"> passa sem deixar uma transforma\u00e7\u00e3o profunda em estrat\u00e9gias. A chegada das<\/span> <em><b>lives<\/b><\/em><span style=\"font-weight: 300;\"> proporcionou e ainda proporciona uma grande janela de oportunidade para diversos p\u00fablicos. A pandemia est\u00e1 passando, as coisas est\u00e3o voltando ao normal, mas as<\/span> <em><b>lives<\/b><\/em><span style=\"font-weight: 300;\"> vieram para ficar. O ponto-chave \u00e9 encontrar a oportunidade certa para encaix\u00e1-la em suas estrat\u00e9gias.\u00a0<\/span><\/p>\n<p><span style=\"font-weight: 300;\">Quer saber como fazer isso na sua empresa e potencializar sua <\/span><b>estrat\u00e9gia<\/b><span style=\"font-weight: 300;\"> de cuidados para a vida? N\u00f3s te ajudamos! Venha bater um papo com a gente.<\/span><\/p>\n","protected":false},"excerpt":{"rendered":"<p> Nos \u00faltimos anos, com a chegada da pandemia, as lives ganharam for\u00e7a no digital, possibilitando diversas formas de intera\u00e7\u00e3o entre p\u00fablico e marca. Mas por tr\u00e1s da transmiss\u00e3o, existem muitas estrat\u00e9gias e objetivos para que, no final, tudo aconte\u00e7a! Entenda.<\/p>\n","protected":false},"author":28,"featured_media":4114,"comment_status":"open","ping_status":"open","sticky":false,"template":"","format":"standard","meta":{"_acf_changed":false,"footnotes":""},"categories":[348],"tags":[410,412,58],"class_list":["post-4113","post","type-post","status-publish","format-standard","has-post-thumbnail","hentry","category-marketing-digital","tag-estrategia","tag-live","tag-marketing-digital"],"acf":[],"_links":{"self":[{"href":"https:\/\/prod.digital\/blog\/wp-json\/wp\/v2\/posts\/4113","targetHints":{"allow":["GET"]}}],"collection":[{"href":"https:\/\/prod.digital\/blog\/wp-json\/wp\/v2\/posts"}],"about":[{"href":"https:\/\/prod.digital\/blog\/wp-json\/wp\/v2\/types\/post"}],"author":[{"embeddable":true,"href":"https:\/\/prod.digital\/blog\/wp-json\/wp\/v2\/users\/28"}],"replies":[{"embeddable":true,"href":"https:\/\/prod.digital\/blog\/wp-json\/wp\/v2\/comments?post=4113"}],"version-history":[{"count":7,"href":"https:\/\/prod.digital\/blog\/wp-json\/wp\/v2\/posts\/4113\/revisions"}],"predecessor-version":[{"id":4388,"href":"https:\/\/prod.digital\/blog\/wp-json\/wp\/v2\/posts\/4113\/revisions\/4388"}],"wp:featuredmedia":[{"embeddable":true,"href":"https:\/\/prod.digital\/blog\/wp-json\/wp\/v2\/media\/4114"}],"wp:attachment":[{"href":"https:\/\/prod.digital\/blog\/wp-json\/wp\/v2\/media?parent=4113"}],"wp:term":[{"taxonomy":"category","embeddable":true,"href":"https:\/\/prod.digital\/blog\/wp-json\/wp\/v2\/categories?post=4113"},{"taxonomy":"post_tag","embeddable":true,"href":"https:\/\/prod.digital\/blog\/wp-json\/wp\/v2\/tags?post=4113"}],"curies":[{"name":"wp","href":"https:\/\/api.w.org\/{rel}","templated":true}]}}