{"id":3687,"date":"2021-11-25T13:30:57","date_gmt":"2021-11-25T16:30:57","guid":{"rendered":"https:\/\/prod.digital\/blog\/\/?p=3687"},"modified":"2025-02-04T10:26:48","modified_gmt":"2025-02-04T13:26:48","slug":"lgbtqia","status":"publish","type":"post","link":"https:\/\/prod.digital\/blog\/lgbtqia\/","title":{"rendered":"Mercado de trabalho: como fortalecer a presen\u00e7a do p\u00fablico LGBTQIA+?"},"content":{"rendered":"<p><span style=\"font-weight: 300;\">Atualmente, as empresas t\u00eam se esfor\u00e7ado para tornar o quadro de funcion\u00e1rios mais amplo e diverso em muitos aspectos, entretanto, a comunidade <\/span><span style=\"font-weight: 500;\">LGBTQIA+<\/span><span style=\"font-weight: 300;\"> ainda enfrenta grandes dificuldades frente ao <\/span><span style=\"font-weight: 500;\">mercado de trabalho<\/span><span style=\"font-weight: 300;\">.<\/span><\/p>\n<p><span style=\"font-weight: 300;\">Se pararmos para analisar, vamos perceber que, nos \u00faltimos tempos, a sociedade j\u00e1 avan\u00e7ou alguns passos quando o assunto \u00e9 <\/span><span style=\"font-weight: 500;\">diversidade<\/span><span style=\"font-weight: 300;\"> e <\/span><span style=\"font-weight: 500;\">inclus\u00e3o<\/span><span style=\"font-weight: 300;\">. No entanto, o cen\u00e1rio \u00e9 um tanto desanimador quando relacionamos o p\u00fablico <\/span><span style=\"font-weight: 500;\">LGBTQIA+<\/span><span style=\"font-weight: 300;\"> e o <\/span><span style=\"font-weight: 500;\">mercado de trabalho<\/span><span style=\"font-weight: 300;\">.<\/span><\/p>\n<p><span style=\"font-weight: 300;\">Uma <\/span><a target=\"_blank\" href=\"https:\/\/g1.globo.com\/economia\/concursos-e-emprego\/noticia\/2019\/06\/25\/metade-dos-profissionais-lgbt-assumiu-orientacao-sexual-no-trabalho-diz-pesquisa.ghtml\" rel=\"noopener\"><span style=\"font-weight: 300;\">pesquisa<\/span><\/a><span style=\"font-weight: 300;\"> realizada pelo LinkedIn aponta que 35% dos entrevistados <\/span><span style=\"font-weight: 500;\">LGBTQIA+<\/span><span style=\"font-weight: 300;\"> j\u00e1 sofreram algum tipo de descrimina\u00e7\u00e3o no ambiente de trabalho. Al\u00e9m disso, 25% dos participantes do estudo afirmam que n\u00e3o se sentem \u00e0 vontade para falar abertamente sobre sua orienta\u00e7\u00e3o sexual.\u00a0<\/span><\/p>\n<p><span style=\"font-weight: 300;\">Isso nos mostra que ainda temos um grande caminho a percorrer quando o assunto \u00e9<\/span> <a target=\"_blank\" href=\"https:\/\/prod.digital\/blog\/diversidade-falar-faz-a-diferenca\/\" rel=\"noopener\"><span style=\"font-weight: 500;\">diversidade nas empresas<\/span><\/a><span style=\"font-weight: 300;\">. Por isso, diariamente, aqui na <\/span><span style=\"font-weight: 500;\">Prod<\/span><span style=\"font-weight: 300;\">, buscamos ouvir nossos Prothers para que se sintam acolhidos e possam ser quem realmente s\u00e3o em nosso ambiente de trabalho.\u00a0<\/span><\/p>\n<h2><span style=\"font-weight: 500;\">Qual \u00e9 o papel das empresas na inclus\u00e3o do p\u00fablico LGBTQIA+ no mercado de trabalho?<\/span><\/h2>\n<p><span style=\"font-weight: 300;\">Precisamos partir do princ\u00edpio em que os valores da <\/span><span style=\"font-weight: 500;\">diversidade<\/span><span style=\"font-weight: 300;\"> devem estar enraizados na cultura organizacional da empresa para que ela contribua com a inclus\u00e3o do p\u00fablico <\/span><span style=\"font-weight: 500;\">LGBTQIA+<\/span><span style=\"font-weight: 300;\"> no mercado de trabalho. \u00c9 preciso levantar bandeira e mostrar para os funcion\u00e1rios, clientes e p\u00fablico em geral o posicionamento da empresa sobre o tema.\u00a0<\/span><\/p>\n<p><span style=\"font-weight: 300;\">Al\u00e9m disso, incentivar um di\u00e1logo aberto entre os colaboradores \u00e9 necess\u00e1rio para evitar tabus. Cabe \u00e0 empresa promover conversas sobre o tema para evitar preconceitos e estere\u00f3tipos que influenciem no dia a dia de trabalho.\u00a0<\/span><\/p>\n<p><span style=\"font-weight: 300;\">Outras a\u00e7\u00f5es como o apoio psicol\u00f3gico tamb\u00e9m podem ser bastante efetivas, pois contribuem para a constru\u00e7\u00e3o de uma rotina de trabalho mais saud\u00e1vel para as pessoas <\/span><span style=\"font-weight: 500;\">LGBTQIA+<\/span><span style=\"font-weight: 300;\"> e leva conscientiza\u00e7\u00e3o para os demais colaboradores sobre quest\u00f5es relacionadas ao preconceito.<\/span><\/p>\n<h2><span style=\"font-weight: 500;\">Como trabalhamos a inclus\u00e3o das pessoas LGBTQIA+ aqui na Prod?<\/span><\/h2>\n<p><span style=\"font-weight: 300;\">Aqui na <\/span><span style=\"font-weight: 500;\">Prod<\/span><span style=\"font-weight: 300;\"> n\u00e3o admitimos, de forma alguma, situa\u00e7\u00f5es de discrimina\u00e7\u00e3o.\u00a0 \u00c9 parte do nosso cotidiano levantar pautas sobre a comunidade<\/span><span style=\"font-weight: 500;\"> LGBTQIA+<\/span><span style=\"font-weight: 300;\">, para conhecer nossos Prothers e proporcionar para eles um ambiente de trabalho confort\u00e1vel e seguro.\u00a0<\/span><\/p>\n<p><span style=\"font-weight: 300;\">Priorizamos um ambiente norteado pela \u00e9tica e respeito ao pr\u00f3ximo, valorizando nossos Prothers por quem s\u00e3o em ess\u00eancia.\u00a0<\/span><\/p>\n<p><span style=\"font-weight: 300;\">Diversas iniciativas colaboram para a promo\u00e7\u00e3o da <\/span><span style=\"font-weight: 500;\">diversidade<\/span><span style=\"font-weight: 300;\"> aqui na <\/span><span style=\"font-weight: 500;\">Prod<\/span><span style=\"font-weight: 300;\"> e, suas execu\u00e7\u00f5es partem do nosso comit\u00ea <\/span><a target=\"_blank\" href=\"https:\/\/prod.digital\/blog\/quais-os-beneficios-da-inclusao-e-diversidade-nas-empresas\/\" rel=\"noopener\"><span style=\"font-weight: 300;\">Prodiversidade<\/span><\/a><span style=\"font-weight: 300;\">. \u00c9 ele o respons\u00e1vel por monitorar o andamento das a\u00e7\u00f5es que nos torna uma ag\u00eancia inclusiva e plural.<\/span><\/p>\n<p><span style=\"font-weight: 300;\">Liberdade para agir, vestir e pensar. Para viver, ser e amar. Esse \u00e9 o desejo da <\/span><span style=\"font-weight: 500;\">Prod<\/span><span style=\"font-weight: 300;\"> para quem trabalha aqui. Por isso, iniciativas como banheiros multig\u00eaneros, rodas de conversa sobre a tem\u00e1tica da <\/span><span style=\"font-weight: 500;\">diversidade<\/span><span style=\"font-weight: 300;\">, apoio psicol\u00f3gico e respeito m\u00fatuo, fazem parte da nossa realidade.\u00a0<\/span><\/p>\n<p><span style=\"font-weight: 300;\">Ficamos felizes por ver, diariamente, a satisfa\u00e7\u00e3o de nossos Prothers por estarem em um ambiente de trabalho que os permitem sentir \u00e0 vontade, acolhidos e confort\u00e1veis. Confira alguns coment\u00e1rios:\u00a0<\/span><\/p>\n<h4><span style=\"font-weight: 400;\">Duda Costa &#8211; Assistente de Campanhas de ADS<\/span><\/h4>\n<p><span style=\"font-weight: 300;\">Me &#8220;descobri&#8221; uma pessoa trans durante a pandemia de covid-19. Coloco entre aspas o descobrir porque, na verdade, eu sempre soube &#8211; s\u00f3 me faltava uma palavra. Quando me candidatei para uma vaga na <\/span><span style=\"font-weight: 500;\">Prod<\/span><span style=\"font-weight: 300;\">, vi que no formul\u00e1rio tinha a op\u00e7\u00e3o &#8220;n\u00e3o-bin\u00e1rio&#8221; e, na mesma hora, tive a certeza de que era o lugar certo para eu trabalhar. Foi o primeiro espa\u00e7o formal em que fui tratado por ser quem eu realmente sou, com muito respeito e, principalmente, leveza.<\/span><\/p>\n<h4><span style=\"font-weight: 400;\">F\u00e1bio Vieira &#8211; Redator Digital\u00a0<\/span><\/h4>\n<p><span style=\"font-weight: 300;\">Por mais que, atualmente, a pauta<\/span><span style=\"font-weight: 500;\"> LGBTQIA+<\/span><span style=\"font-weight: 300;\"> tenha ganhado certo destaque no <\/span><span style=\"font-weight: 500;\">mercado de trabalho<\/span><span style=\"font-weight: 300;\">, ainda vemos muitas empresas conservadoras que n\u00e3o inserem a causa em sua rotina. J\u00e1 tive experi\u00eancias em que os colaboradores evitavam falar sobre e, quando esse assunto era levantado por algu\u00e9m, as conclus\u00f5es eram preconceituosas. Na <\/span><span style=\"font-weight: 500;\">Prod<\/span><span style=\"font-weight: 300;\">, como estamos em um ambiente livre de julgamentos e alinhados com uma cultura de respeito, esse di\u00e1logo \u00e9 mais f\u00e1cil e emp\u00e1tico. Isso tem um impacto significativo na performance do colaborador <\/span><span style=\"font-weight: 500;\">LGBTQIA+<\/span><span style=\"font-weight: 300;\">, uma vez que ele se sente acolhido no ambiente de trabalho, desempenhando sua fun\u00e7\u00e3o com maior entusiasmo.<\/span><\/p>\n<h4><span style=\"font-weight: 400;\">Patrik Bitencourt &#8211; Gestor da Felicidade\u00a0<\/span><\/h4>\n<p><span style=\"font-weight: 300;\">Mesmo com as nuances de uma mudan\u00e7a em rela\u00e7\u00e3o ao preconceito, entendo que ele exista e continue forte, principalmente, quando falamos de mercado de trabalho. N\u00e3o \u00e9 comum ver pessoas da comunidade <\/span><span style=\"font-weight: 500;\">LGBTQIA+<\/span><span style=\"font-weight: 300;\"> em posi\u00e7\u00f5es de lideran\u00e7a em empresas que seguem padr\u00f5es mais tradicionais. Eu, como profissional de RH, me vejo como um aliado na luta contra o preconceito. Entendo que tenho uma participa\u00e7\u00e3o importante e necess\u00e1ria na busca pela conscientiza\u00e7\u00e3o e valoriza\u00e7\u00e3o de profissionais <\/span><span style=\"font-weight: 500;\">LGBTQIA+<\/span><span style=\"font-weight: 300;\">.<\/span><\/p>\n<p><span style=\"font-weight: 300;\">Aqui na <\/span><span style=\"font-weight: 500;\">Prod<\/span><span style=\"font-weight: 300;\">, a <\/span><span style=\"font-weight: 500;\">diversidade<\/span><span style=\"font-weight: 300;\"> n\u00e3o \u00e9 apenas um programa, mas parte da nossa cultura. Diariamente, celebramos a vida, a liberdade e a pluralidade! Voc\u00ea se identifica com a gente? Conhe\u00e7a nossas vagas dispon\u00edveis!\u00a0<\/span><\/p>\n","protected":false},"excerpt":{"rendered":"<p>Atualmente, as empresas t&ecirc;m se esfor&ccedil;ado para tornar o quadro de funcion&aacute;rios mais amplo e diverso em muitos aspectos, entretanto, a comunidade LGBTQIA+ ainda enfrenta grandes dificuldades frente ao mercado de trabalho. Se pararmos para analisar, vamos perceber que, nos &uacute;ltimos tempos, a sociedade j&aacute; avan&ccedil;ou alguns passos quando o assunto &eacute; diversidade e inclus&atilde;o. [&hellip;]<\/p>\n","protected":false},"author":26,"featured_media":3688,"comment_status":"open","ping_status":"open","sticky":false,"template":"","format":"standard","meta":{"_acf_changed":false,"footnotes":""},"categories":[383],"tags":[380,213,301,249,373],"class_list":["post-3687","post","type-post","status-publish","format-standard","has-post-thumbnail","hentry","category-prodiversidade","tag-colaboradores","tag-desenvolvimento","tag-gestao","tag-gestao-de-pessoas","tag-gestores"],"acf":[],"_links":{"self":[{"href":"https:\/\/prod.digital\/blog\/wp-json\/wp\/v2\/posts\/3687","targetHints":{"allow":["GET"]}}],"collection":[{"href":"https:\/\/prod.digital\/blog\/wp-json\/wp\/v2\/posts"}],"about":[{"href":"https:\/\/prod.digital\/blog\/wp-json\/wp\/v2\/types\/post"}],"author":[{"embeddable":true,"href":"https:\/\/prod.digital\/blog\/wp-json\/wp\/v2\/users\/26"}],"replies":[{"embeddable":true,"href":"https:\/\/prod.digital\/blog\/wp-json\/wp\/v2\/comments?post=3687"}],"version-history":[{"count":3,"href":"https:\/\/prod.digital\/blog\/wp-json\/wp\/v2\/posts\/3687\/revisions"}],"predecessor-version":[{"id":4827,"href":"https:\/\/prod.digital\/blog\/wp-json\/wp\/v2\/posts\/3687\/revisions\/4827"}],"wp:featuredmedia":[{"embeddable":true,"href":"https:\/\/prod.digital\/blog\/wp-json\/wp\/v2\/media\/3688"}],"wp:attachment":[{"href":"https:\/\/prod.digital\/blog\/wp-json\/wp\/v2\/media?parent=3687"}],"wp:term":[{"taxonomy":"category","embeddable":true,"href":"https:\/\/prod.digital\/blog\/wp-json\/wp\/v2\/categories?post=3687"},{"taxonomy":"post_tag","embeddable":true,"href":"https:\/\/prod.digital\/blog\/wp-json\/wp\/v2\/tags?post=3687"}],"curies":[{"name":"wp","href":"https:\/\/api.w.org\/{rel}","templated":true}]}}