{"id":3672,"date":"2021-11-05T11:15:33","date_gmt":"2021-11-05T14:15:33","guid":{"rendered":"https:\/\/prod.digital\/blog\/\/?p=3672"},"modified":"2021-12-08T16:13:37","modified_gmt":"2021-12-08T19:13:37","slug":"rh","status":"publish","type":"post","link":"https:\/\/prod.digital\/blog\/rh\/","title":{"rendered":"RHs que inspiram: saiba por que estamos na lista!"},"content":{"rendered":"<p>O Recursos Humanos ou RH, como \u00e9 popularmente conhecido, \u00e9 uma \u00e1rea muito importante para toda empresa. Aqui na Prod, o consideramos como um grande aliado quando o assunto \u00e9 sucesso.<\/p>\n<p><span style=\"font-weight: 300;\">O <\/span><span style=\"font-weight: 500;\">RH<\/span><span style=\"font-weight: 300;\"> \u00e9 respons\u00e1vel por ajudar no desenvolvimento dos objetivos de neg\u00f3cio de uma empresa, levando em considera\u00e7\u00e3o temas importantes, como sa\u00fade f\u00edsica e sa\u00fade mental e o <\/span><span style=\"font-weight: 500;\">bem-estar<\/span><span style=\"font-weight: 300;\"> dos colaboradores.\u00a0<\/span><\/p>\n<p><span style=\"font-weight: 300;\">Aqui na <\/span><span style=\"font-weight: 500;\">Prod<\/span><span style=\"font-weight: 300;\">, o Time Pessoas, respons\u00e1vel pelo nosso <\/span><span style=\"font-weight: 500;\">RH<\/span><span style=\"font-weight: 300;\">, possui todos os subsistemas implantados. Entre eles, destacamos o de Atra\u00e7\u00e3o e Sele\u00e7\u00e3o, <\/span><span style=\"font-weight: 500;\">Desenvolvimento Humano<\/span><span style=\"font-weight: 300;\"> e o Departamento Pessoal, com as a\u00e7\u00f5es de felicidade. Cada subsistema \u00e9 respons\u00e1vel por desenvolver a\u00e7\u00f5es e programas dedicados \u00e0 busca dos nossos objetivos.<\/span><\/p>\n<h2><span style=\"font-weight: 500;\">Atra\u00e7\u00e3o e Sele\u00e7\u00e3o: a\u00e7\u00f5es de recrutamento<\/span><\/h2>\n<p><span style=\"font-weight: 300;\">Esse subsistema do nosso time \u00e9 respons\u00e1vel pela comunica\u00e7\u00e3o direta com todos os poss\u00edveis candidatos \u00e0s vagas de trabalho dispon\u00edveis na <\/span><span style=\"font-weight: 500;\">Prod<\/span><span style=\"font-weight: 300;\">. Nela, os processos s\u00e3o realizados com agilidade m\u00e1xima, para que o retorno aos candidatos seja feito o mais r\u00e1pido poss\u00edvel, evitando a ang\u00fastia habitual da espera por resultados.\u00a0<\/span><\/p>\n<p><span style=\"font-weight: 300;\">Para a sele\u00e7\u00e3o de novos Prothers, temos um olhar atento \u00e0s soft skills (comportamento e habilidade humanas) do candidato. Acreditamos que elas s\u00e3o ainda mais importantes que as hard skills (habilidade t\u00e9cnica), uma vez que, aqui na <\/span><span style=\"font-weight: 500;\">Prod<\/span><span style=\"font-weight: 300;\">, trabalhamos intensamente para que o colaborador possa evoluir suas habilidades t\u00e9cnicas.\u00a0\u00a0\u00a0<\/span><\/p>\n<h2><span style=\"font-weight: 500;\">Departamento Pessoal: rotinas e a\u00e7\u00f5es de felicidade\u00a0<\/span><\/h2>\n<p><span style=\"font-weight: 300;\">Al\u00e9m dos processos comuns, como folha de pagamento, benef\u00edcios e conv\u00eanios, o departamento pessoal conta com diversas a\u00e7\u00f5es de <\/span><span style=\"font-weight: 500;\">felicidade<\/span><span style=\"font-weight: 300;\">.\u00a0<\/span><\/p>\n<p><span style=\"font-weight: 300;\">Essas a\u00e7\u00f5es incluem a manuten\u00e7\u00e3o de um ambiente agrad\u00e1vel e bem estruturado para se trabalhar, al\u00e9m de uma s\u00e9rie de atividades que proporcionam <\/span><span style=\"font-weight: 500;\">bem-estar<\/span><span style=\"font-weight: 300;\"> e o clima agrad\u00e1vel dentro da <\/span><span style=\"font-weight: 500;\">Prod<\/span><span style=\"font-weight: 300;\">. Para isso, temos programas com foco em garantir a felicidade de cada Prother:\u00a0\u00a0<\/span><\/p>\n<h4><span style=\"font-weight: 400;\">ProtherID &#8211; um mergulho para dentro de si\u00a0<\/span><\/h4>\n<p><span style=\"font-weight: 300;\">Aqui na <\/span><span style=\"font-weight: 500;\">Prod,<\/span><span style=\"font-weight: 300;\"> buscamos, constantemente, contribuir n\u00e3o s\u00f3 para o desenvolvimento profissional de quem trabalha aqui, como tamb\u00e9m para o seu crescimento pessoal. Desenvolvemos o programa ProtherID, que conta com a\u00e7\u00f5es voltadas para a promo\u00e7\u00e3o da <\/span><span style=\"font-weight: 500;\">sa\u00fade psicol\u00f3gica<\/span><span style=\"font-weight: 300;\"> e <\/span><span style=\"font-weight: 500;\">bem-estar<\/span><span style=\"font-weight: 300;\"> de todos os Prothers.\u00a0<\/span><\/p>\n<p><span style=\"font-weight: 300;\">Entre elas, temos as rodadas semanais de conversa com uma psic\u00f3loga &#8211; que orienta nossos colaboradores rumo ao <\/span><span style=\"font-weight: 500;\">equil\u00edbrio profissional<\/span><span style=\"font-weight: 300;\"> e pessoal -, e as sess\u00f5es de yoga, que acontecem semanalmente, com o objetivo de proporcionar relaxamento e concentra\u00e7\u00e3o.<\/span><\/p>\n<h4><span style=\"font-weight: 400;\">ProdSoul &#8211; uma iniciativa social\u00a0<\/span><\/h4>\n<p><span style=\"font-weight: 300;\">Buscamos sempre realizar contribui\u00e7\u00f5es que trar\u00e3o impacto significativo a toda comunidade. Por isso, mensalmente, reunimos doa\u00e7\u00f5es dos Prothers, dobramos esse valor e o utilizamos para a compra de cestas b\u00e1sicas, distribu\u00eddas a fam\u00edlias carentes em Passa Quatro (MG), cidade que estamos localizados. Al\u00e9m disso, tamb\u00e9m temos a iniciativa de apoio e patroc\u00ednio a projetos sociais.\u00a0<\/span><\/p>\n<h2><span style=\"font-weight: 500;\">Desenvolvimento Humano: a\u00e7\u00f5es de crescimento<\/span><\/h2>\n<p><span style=\"font-weight: 300;\">Respons\u00e1vel pela evolu\u00e7\u00e3o de todos os Prothers, a frente de<\/span><span style=\"font-weight: 500;\"> Desenvolvimento Humano <\/span><span style=\"font-weight: 300;\">do nosso<\/span> <span style=\"font-weight: 300;\">Time Pessoas<\/span> <span style=\"font-weight: 300;\">se preocupa em estruturar a\u00e7\u00f5es para a evolu\u00e7\u00e3o profissional dos colaboradores. Cursos e treinamentos est\u00e3o entre as a\u00e7\u00f5es desenvolvidas pelo programa ProdACADEMY.\u00a0<\/span><\/p>\n<h4><span style=\"font-weight: 400;\">ProdACADEMY &#8211; Nosso Programa de Desenvolvimento Humano\u00a0<\/span><\/h4>\n<p><span style=\"font-weight: 300;\">Essa \u00e9 uma das ferramentas mais importantes para os Prothers avan\u00e7arem em suas jornadas de crescimento e se desenvolverem em quatro pilares: hard skills, soft skills, cultura e background. O Programa conta com quatro iniciativas que s\u00e3o gerenciadas pelo nosso <\/span><span style=\"font-weight: 500;\">RH<\/span><span style=\"font-weight: 300;\">:\u00a0<\/span><\/p>\n<ul>\n<li>Clube do livro: organiza\u00e7\u00e3o de leitura e discuss\u00f5es acerca de um livro pr\u00e9-definido;<\/li>\n<li>Ludos: plataforma gamificada de cursos que trabalha a aprendizagem de maneira divertida, l\u00fadica e inovadora;<\/li>\n<li>C\u00edrculo do Conhecimento: encontros mensais para uma roda de conversa sobre variados assuntos voltados para conte\u00fados t\u00e9cnicos;<\/li>\n<li>Plano de Desenvolvimento Individual (PDI): defini\u00e7\u00e3o de cursos e metas a serem realizadas pelo Prother em um per\u00edodo, para sua evolu\u00e7\u00e3o profissional.<\/li>\n<\/ul>\n<h2><span style=\"font-weight: 500;\">Pr\u00eamio Gupy Destaca: RHs que inspiram<\/span><\/h2>\n<p><span style=\"font-weight: 300;\">A <\/span><a target=\"_blank\" href=\"https:\/\/destaca.gupy.io\/\" rel=\"noopener\"><span style=\"font-weight: 300;\">Gupy Destaca: os 100 RHs que inspiram<\/span><\/a><span style=\"font-weight: 300;\"> \u00e9 uma premia\u00e7\u00e3o que busca reconhecer organiza\u00e7\u00f5es com iniciativas que s\u00e3o inspira\u00e7\u00e3o para o <\/span><span style=\"font-weight: 500;\">mercado de trabalho<\/span><span style=\"font-weight: 300;\">. Ela \u00e9 baseada em 3 pilares do <\/span><span style=\"font-weight: 500;\">RH<\/span><span style=\"font-weight: 300;\">: atra\u00e7\u00e3o, desenvolvimento e encantamento. Esse ano, o Time Pessoas da <\/span><span style=\"font-weight: 500;\">Prod<\/span><span style=\"font-weight: 300;\"> foi contemplado com o pr\u00eamio, na categoria encantar.\u00a0<\/span><\/p>\n<p><span style=\"font-weight: 300;\">Essa \u00e9 mais uma prova de que estamos caminhando na dire\u00e7\u00e3o certa para a excel\u00eancia de nossos trabalhos, oferecendo aos nossos Prothers diversas oportunidades de desenvolvimento, al\u00e9m de um ambiente adequado, alegre e saud\u00e1vel para se trabalhar.\u00a0<\/span><\/p>\n<p><span style=\"font-weight: 300;\">Sentimos orgulho de quem somos e de todas as nossas conquistas. \u00c9 por isso que acordamos todos os dias motivados para encantar nossos clientes com nosso <\/span><a target=\"_blank\" href=\"https:\/\/prod.digital\/blog\/somos-gptw-mais-uma-vez\/\" rel=\"noopener\"><span style=\"font-weight: 300;\">Jeito <\/span><span style=\"font-weight: 500;\">Prod<\/span><span style=\"font-weight: 300;\"> de ser<\/span><\/a><span style=\"font-weight: 300;\">.\u00a0<\/span><span style=\"font-weight: 300;\"><br \/>\n<\/span><\/p>\n","protected":false},"excerpt":{"rendered":"<p>O Recursos Humanos ou RH, como &eacute; popularmente conhecido, &eacute; uma &aacute;rea muito importante para toda empresa. Aqui na Prod, o consideramos como um grande aliado quando o assunto &eacute; sucesso. O RH &eacute; respons&aacute;vel por ajudar no desenvolvimento dos objetivos de neg&oacute;cio de uma empresa, levando em considera&ccedil;&atilde;o temas importantes, como sa&uacute;de f&iacute;sica e [&hellip;]<\/p>\n","protected":false},"author":26,"featured_media":3676,"comment_status":"open","ping_status":"open","sticky":false,"template":"","format":"standard","meta":{"_acf_changed":false,"footnotes":""},"categories":[385,347],"tags":[370,213,301,249,373,374,273],"class_list":["post-3672","post","type-post","status-publish","format-standard","has-post-thumbnail","hentry","category-vem-ser-prother","category-gestao","tag-colaborador","tag-desenvolvimento","tag-gestao","tag-gestao-de-pessoas","tag-gestores","tag-recursos-humanos","tag-rh"],"acf":[],"_links":{"self":[{"href":"https:\/\/prod.digital\/blog\/wp-json\/wp\/v2\/posts\/3672","targetHints":{"allow":["GET"]}}],"collection":[{"href":"https:\/\/prod.digital\/blog\/wp-json\/wp\/v2\/posts"}],"about":[{"href":"https:\/\/prod.digital\/blog\/wp-json\/wp\/v2\/types\/post"}],"author":[{"embeddable":true,"href":"https:\/\/prod.digital\/blog\/wp-json\/wp\/v2\/users\/26"}],"replies":[{"embeddable":true,"href":"https:\/\/prod.digital\/blog\/wp-json\/wp\/v2\/comments?post=3672"}],"version-history":[{"count":3,"href":"https:\/\/prod.digital\/blog\/wp-json\/wp\/v2\/posts\/3672\/revisions"}],"predecessor-version":[{"id":3677,"href":"https:\/\/prod.digital\/blog\/wp-json\/wp\/v2\/posts\/3672\/revisions\/3677"}],"wp:featuredmedia":[{"embeddable":true,"href":"https:\/\/prod.digital\/blog\/wp-json\/wp\/v2\/media\/3676"}],"wp:attachment":[{"href":"https:\/\/prod.digital\/blog\/wp-json\/wp\/v2\/media?parent=3672"}],"wp:term":[{"taxonomy":"category","embeddable":true,"href":"https:\/\/prod.digital\/blog\/wp-json\/wp\/v2\/categories?post=3672"},{"taxonomy":"post_tag","embeddable":true,"href":"https:\/\/prod.digital\/blog\/wp-json\/wp\/v2\/tags?post=3672"}],"curies":[{"name":"wp","href":"https:\/\/api.w.org\/{rel}","templated":true}]}}