{"id":3342,"date":"2020-12-18T13:49:28","date_gmt":"2020-12-18T15:49:28","guid":{"rendered":"https:\/\/prod.digital\/blog\/\/?p=3342"},"modified":"2021-12-08T16:16:26","modified_gmt":"2021-12-08T19:16:26","slug":"somos-gptw-mais-uma-vez","status":"publish","type":"post","link":"https:\/\/prod.digital\/blog\/somos-gptw-mais-uma-vez\/","title":{"rendered":"Somos GPTW, mais uma vez!"},"content":{"rendered":"<p>Voc\u00ea j\u00e1 ouviu falar no selo <strong>Great Place to Work (GPTW)<\/strong>? Ele \u00e9 uma <a target=\"_blank\" href=\"https:\/\/gptw.com.br\/\" rel=\"noopener\">certifica\u00e7\u00e3o internacional<\/a> muito importante para as empresas. Al\u00e9m de credibilidade &#8211; interna e externa &#8211; tamb\u00e9m \u00e9 um imenso orgulho e sinal de reconhecimento de clima organizacional para n\u00f3s, afinal, comprova que a Prod realmente \u00e9 um \u00f3timo lugar para se trabalhar.<\/p>\n<p>Uma vez que a pesquisa, que precisa ser feita para estabelecer se a empresa vai conseguir ou n\u00e3o o selo, \u00e9 feita totalmente pelos colaboradores de forma an\u00f4nima, nenhuma influ\u00eancia externa modifica a opini\u00e3o deles.<\/p>\n<p>Em meio a um per\u00edodo completamente diferente de qualquer cen\u00e1rio que j\u00e1 encaramos antes, <a target=\"_blank\" href=\"https:\/\/prod.digital\/blog\/gptw\/\" rel=\"noopener\">conseguimos o GPTW pelo segundo ano seguido e ainda com nota 95 (de 100)!<\/a><br \/>\n<strong>Isso quer dizer que o Jeito Prod de Ser e tudo que investimos para tornar a ag\u00eancia uma refer\u00eancia est\u00e1 funcionando muito bem!<\/strong> Essa nota e esse reconhecimento dos nossos Prothers s\u00e3o alguns dos nossos maiores triunfos desse ano.<\/p>\n<p>Nenhum lugar \u00e9 reconhecido por ser <strong>GPTW<\/strong> se n\u00e3o consegue mostrar para seus colaboradores, todos os dias, o qu\u00e3o importante eles s\u00e3o. Essa constru\u00e7\u00e3o di\u00e1ria leva tempo, cuidado e um time competente. Quer saber como conseguimos? <strong>Apresentamos a voc\u00ea o nosso incr\u00edvel Time de Pessoas com nossos gestores da felicidade!<\/strong><\/p>\n<h2 class=\"content-post\"><b>Qual a fun\u00e7\u00e3o do Time de Pessoas aqui na Prod?<\/b><\/h2>\n<p>Estamos no mercado h\u00e1 12 anos, durante esse tempo, procuramos sempre novas maneiras de melhorar nosso relacionamento, tanto com os clientes, quanto com nossos colaboradores.<br \/>\nTodo mundo que um dia j\u00e1 passou por aqui nos ensinou um pouco mais sobre como deve ser uma boa rela\u00e7\u00e3o e tamb\u00e9m como n\u00e3o deve. <strong>Tudo se tornou aprendizado e, com essa bagagem, estruturamos estrat\u00e9gias focadas em pessoas e feita por pessoas.<\/strong><\/p>\n<p>Nossos Gestores da Felicidade se baseiam em opini\u00f5es, pesquisas, feedbacks, dados e muito, muito estudo. Criamos cada vez mais op\u00e7\u00f5es para melhorar o clima organizacional e fazer com que nosso trabalho e as nossas entregas tenham uma base forte e sejam reconhecidas pela qualidade e agilidade. S\u00f3 conseguimos isso com os colaboradores se sentindo bem e realizados.<br \/>\nAlgumas a\u00e7\u00f5es que aplicamos aqui e d\u00e3o super certo:<\/p>\n<ul>\n<li style=\"font-weight: 400;\"><span style=\"font-weight: 400;\">Caf\u00e9 colaborativo: uma vez ao m\u00eas;<\/span><\/li>\n<li style=\"font-weight: 400;\"><span style=\"font-weight: 400;\">Clube da leitura: a cada dois meses;<\/span><\/li>\n<li style=\"font-weight: 400;\"><span style=\"font-weight: 400;\">Yoga: uma vez por semana;<\/span><\/li>\n<li style=\"font-weight: 400;\"><span style=\"font-weight: 400;\">Almo\u00e7o dos Prothers: uma vez ao m\u00eas;<\/span><\/li>\n<li style=\"font-weight: 400;\"><span style=\"font-weight: 400;\">C\u00edrculo do Conhecimento: uma vez ao m\u00eas;<\/span><\/li>\n<li style=\"font-weight: 400;\"><span style=\"font-weight: 400;\">Happy Hour: toda sexta-feira;<\/span><\/li>\n<li style=\"font-weight: 400;\"><span style=\"font-weight: 400;\">Comemora\u00e7\u00e3o de metas batidas.<\/span><\/li>\n<\/ul>\n<p>Al\u00e9m do que consideramos b\u00e1sico para tornar o que oferecemos ainda mais justo para cada profissional: plano de sa\u00fade, conv\u00eanio com m\u00e9dicos e dentistas, parcerias com academias, vale-alimenta\u00e7\u00e3o, descontos em escolas de ingl\u00eas e faculdades, e plataformas de treinamento t\u00e9cnico online.<\/p>\n<p><strong>Estamos sempre abertos e dispostos a ouvir cada Prother, cada opini\u00e3o \u00e9 importante para construirmos um ambiente agrad\u00e1vel e digno de um selo GPTW.<\/strong><\/p>\n<p>Mas a\u00ed voc\u00ea pode dizer \u201cmuito lindo todo mundo trabalhando feliz, mas e na pr\u00e1tica, como s\u00e3o organizadas as demandas? Durante a rotina as coisas funcionam bem? Existem boas entregas?\u201d E, ent\u00e3o, vamos responder:<\/p>\n<h2 class=\"content-post\"><b>Conhe\u00e7a o Jeito Prod de trabalhar!<\/b><\/h2>\n<p>Hoje estamos com 56 Prothers, manter toda essa galera no ritmo para que, al\u00e9m de se sentirem bem, entreguem boas solu\u00e7\u00f5es com comprometimento, n\u00e3o \u00e9 f\u00e1cil. Por isso, com o Time de Pessoas, n\u00f3s temos tamb\u00e9m os gerentes de cada time que lideram com t\u00e9cnicas e m\u00e9todos de produtividade, al\u00e9m de muita compet\u00eancia.<\/p>\n<p>Todo Prother tem o seu papel e, para que cada um fa\u00e7a sua parte de forma organizada, facilitando para que o processo do outro time tamb\u00e9m funcione, contamos com o m\u00e9todo <a target=\"_blank\" href=\"https:\/\/prod.digital\/blog\/scrum-a-metodologia-que-acelera-a-produtividade-das-equipes\/\" rel=\"noopener\">Scrum<\/a> de forma adaptada \u00e0 nossa realidade.<\/p>\n<p>Ele contribui para nossa organiza\u00e7\u00e3o interna de jobs, acelera a produtividade e faz com que o resultado entregue seja de alta qualidade, uma vez que s\u00e3o aprimorados ao longo de cada sprint (entrega).<\/p>\n<p><strong>N\u00f3s entendemos que ser uma empresa GPTW \u00e9 muito mais do que ter colaboradores felizes, \u00e9 conseguir isso junto a entregas sensacionais (o que chamamos, carinhosamente, de efeito UAU) e clientes satisfeitos e recorrentes.<\/strong><\/p>\n<p>Por isso os processos internos s\u00e3o t\u00e3o importantes para n\u00f3s, tanto os de clima organizacional, quanto os de produtividade. S\u00e3o eles que nos d\u00e3o o caminho para seguir fazendo nosso trabalho do Jeito Prod de Ser, ou seja, da melhor maneira poss\u00edvel.<\/p>\n<h2 class=\"content-post\"><b>Um por todos e todos pela Prod!<\/b><\/h2>\n<p>Nosso time tem know-how. O conhecimento aqui \u00e9 constante, n\u00e3o cansamos de aprender. O meio digital muda todo dia e mudamos juntos. A vontade de saber sempre mais, de se adaptar ao novo, encontrar op\u00e7\u00f5es criativas e inteligentes, sempre mirando resultados excelentes, \u00e9 o que nos move.<\/p>\n<p>Somos <strong>GPTW<\/strong> porque cada Prother entende o que significa estar aqui e se esfor\u00e7a para tornar a Prod o melhor lugar para se trabalhar, constantemente. Estamos sempre focados no presente e de olho no futuro de cada pessoa e da Prod. E esse selo \u00e9 a prova disso.<\/p>\n<p>Como disse a La\u00eds, nossa Gestora da Felicidade: <strong>\u201cPoderia at\u00e9 ser sobre n\u00fameros ou prop\u00f3sito. Mas, na real, \u00e9 sobre acordar todos os dias motivada e ter a felicidade de estar entre as melhores empresas para se trabalhar.\u201d<\/strong><\/p>\n<p>A fala da La\u00eds diz por todos. <strong>\u00c9 motiva\u00e7\u00e3o e orgulho, \u00e9 GPTW #95!<\/strong><\/p>\n","protected":false},"excerpt":{"rendered":"<p>Voc&ecirc; j&aacute; ouviu falar no selo Great Place to Work (GPTW)? Ele &eacute; uma certifica&ccedil;&atilde;o internacional muito importante para as empresas. Al&eacute;m de credibilidade &ndash; interna e externa &ndash; tamb&eacute;m &eacute; um imenso orgulho e sinal de reconhecimento de clima organizacional para n&oacute;s, afinal, comprova que a Prod realmente &eacute; um &oacute;timo lugar para se [&hellip;]<\/p>\n","protected":false},"author":21,"featured_media":3343,"comment_status":"open","ping_status":"open","sticky":false,"template":"","format":"standard","meta":{"_acf_changed":false,"footnotes":""},"categories":[385],"tags":[300],"class_list":["post-3342","post","type-post","status-publish","format-standard","has-post-thumbnail","hentry","category-vem-ser-prother","tag-gptw"],"acf":[],"_links":{"self":[{"href":"https:\/\/prod.digital\/blog\/wp-json\/wp\/v2\/posts\/3342","targetHints":{"allow":["GET"]}}],"collection":[{"href":"https:\/\/prod.digital\/blog\/wp-json\/wp\/v2\/posts"}],"about":[{"href":"https:\/\/prod.digital\/blog\/wp-json\/wp\/v2\/types\/post"}],"author":[{"embeddable":true,"href":"https:\/\/prod.digital\/blog\/wp-json\/wp\/v2\/users\/21"}],"replies":[{"embeddable":true,"href":"https:\/\/prod.digital\/blog\/wp-json\/wp\/v2\/comments?post=3342"}],"version-history":[{"count":4,"href":"https:\/\/prod.digital\/blog\/wp-json\/wp\/v2\/posts\/3342\/revisions"}],"predecessor-version":[{"id":3829,"href":"https:\/\/prod.digital\/blog\/wp-json\/wp\/v2\/posts\/3342\/revisions\/3829"}],"wp:featuredmedia":[{"embeddable":true,"href":"https:\/\/prod.digital\/blog\/wp-json\/wp\/v2\/media\/3343"}],"wp:attachment":[{"href":"https:\/\/prod.digital\/blog\/wp-json\/wp\/v2\/media?parent=3342"}],"wp:term":[{"taxonomy":"category","embeddable":true,"href":"https:\/\/prod.digital\/blog\/wp-json\/wp\/v2\/categories?post=3342"},{"taxonomy":"post_tag","embeddable":true,"href":"https:\/\/prod.digital\/blog\/wp-json\/wp\/v2\/tags?post=3342"}],"curies":[{"name":"wp","href":"https:\/\/api.w.org\/{rel}","templated":true}]}}