{"id":3033,"date":"2020-12-18T12:00:00","date_gmt":"2020-12-18T14:00:00","guid":{"rendered":"https:\/\/prod.digital\/blog\/\/?p=3033"},"modified":"2021-12-08T16:16:44","modified_gmt":"2021-12-08T19:16:44","slug":"gptw","status":"publish","type":"post","link":"https:\/\/prod.digital\/blog\/gptw\/","title":{"rendered":"GPTW: term\u00f4metro do ambiente de trabalho"},"content":{"rendered":"<p><span style=\"font-weight: 400;\">O <strong>Great Place to Work<\/strong> (<strong>GPTW<\/strong>) \u00e9 uma consultoria global que ajuda empresas a desenvolverem um \u00f3timo ambiente de trabalho para seus funcion\u00e1rios, para que, por meio de uma cultura que potencializa a confian\u00e7a, alto desempenho e inova\u00e7\u00e3o, obtenham melhores resultados de produ\u00e7\u00e3o. <\/span><\/p>\n<p>Hoje, o <a target=\"_blank\" href=\"https:\/\/gptw.com.br\/\" rel=\"noopener\">Instituto Great Place to Work<\/a>, fundado pelo jornalista Robert Lovering na d\u00e9cada de 80 nos Estados Unidos, certifica empresas em mais de 90 pa\u00edses ao redor do mundo e tem como miss\u00e3o construir uma sociedade melhor, transformando cada organiza\u00e7\u00e3o em \u00f3timos locais para se trabalhar.<\/p>\n<p>N\u00f3s ganhamos o<strong> selo GPTW<\/strong> pelo segundo ano seguido e ficamos t\u00e3o felizes com a not\u00edcia que decidimos dividir com voc\u00ea! Afinal, grandes conquistas precisam ser compartilhadas, n\u00e3o \u00e9 mesmo?<\/p>\n<h2 class=\"content-post\"><b>Porque \u00e9 importante obter o selo GPTW?<\/b><\/h2>\n<p>O <strong>selo GPTW<\/strong> mede o clima e as boas pr\u00e1ticas das empresas. <strong>Obt\u00ea-lo faz com que sua empresa seja considerada, n\u00e3o apenas por seus funcion\u00e1rios, mas pelo mercado de trabalho, um \u00f3timo lugar para se trabalhar<\/strong>. Vamos conhecer mais sobre o processo de certifica\u00e7\u00e3o?<\/p>\n<h2 class=\"content-post\"><strong>Reconhecimento GPTW<\/strong><\/h2>\n<p><span style=\"font-weight: 400;\">O <strong>GPTW<\/strong> reconhece as melhores empresas para se trabalhar com base em uma pesquisa realizada com os colaboradores, at\u00e9 porque s\u00e3o eles que t\u00eam propriedade para avaliar o ambiente onde passam algumas horas de seus dias.<br \/>\n<\/span><\/p>\n<p><span style=\"font-weight: 400;\">A pesquisa \u00e9 respondida de forma an\u00f4nima e os colaboradores s\u00e3o convidados a participar, n\u00e3o podendo sofrer nenhum tipo de press\u00e3o ou repres\u00e1lias e nem receber pr\u00eamios ou est\u00edmulos atrav\u00e9s de presentinhos.\u00a0 Al\u00e9m disso, \u00e9 preciso que uma porcentagem da empresa responda aos question\u00e1rios, para que seja v\u00e1lida.<br \/>\nDentro desse question\u00e1rio, <strong>5 dimens\u00f5es s\u00e3o avaliadas<\/strong>:<br \/>\n<\/span><\/p>\n<ul>\n<li><span style=\"font-weight: 400;\"><strong>Credibilidade:<\/strong> mede se os colaboradores consideram seus gestores confi\u00e1veis ao abordar as percep\u00e7\u00f5es sobre as pr\u00e1ticas de comunica\u00e7\u00e3o, compet\u00eancia e integridade existente nessa rela\u00e7\u00e3o.<\/span><\/li>\n<li><span style=\"font-weight: 400;\"><strong>Respeito:<\/strong> avalia como os colaboradores se sentem respeitados por seus gestores, por exemplo, nos momentos de <a href=\"https:\/\/prod.digital\/blog\/feedback-desenvolvendo-pessoas\/\">feedback<\/a>.<\/span><\/li>\n<li><span style=\"font-weight: 400;\"><strong>Imparcialidade<\/strong>: entende o quanto os colaboradores consideram as pr\u00e1ticas de gest\u00e3o justas e imparciais.<\/span><\/li>\n<li><span style=\"font-weight: 400;\"><strong>Orgulho:<\/strong> analisa a intera\u00e7\u00e3o que os colaboradores t\u00eam com seus trabalhos ao avaliar sentimentos em rela\u00e7\u00e3o \u00e0s suas fun\u00e7\u00f5es, equipe e clima organizacional.<\/span><\/li>\n<li><span style=\"font-weight: 400;\"><strong>Camaradagem:<\/strong> verifica o sentimento de companheirismo e proximidade entre os colaboradores e suas equipes.<\/span><\/li>\n<\/ul>\n<h2 class=\"content-post\"><strong>Somos GPTW!<\/strong><\/h2>\n<p>Em 2019, a Prod participou pela 1\u00aa vez da avalia\u00e7\u00e3o e nossa nota foi 85! Para n\u00f3s, foi incr\u00edvel receber a not\u00edcia de que somos considerados um Great Place to Work pelos nossos colaboradores e que todo trabalho realizado internamente resulta na realiza\u00e7\u00e3o profissional de cada Prother.<\/p>\n<p>Fomos reconhecidos e seguimos trabalhando em melhorias, internas e externas, durante todo o ano. E neste ano, dia 19 de outubro, renovamos o selo alcan\u00e7ando uma nova e maior nota: 95! Ficamos anestesiados com essa nota e com mais certeza de que estamos no caminho certo.<\/p>\n<p>S\u00e3o muitas as atitudes, estrat\u00e9gias e cuidados que fazem a Prod ser ag\u00eancia que \u00e9! <strong>Buscamos inovar em todas as \u00e1reas para trazer o melhor aos nossos clientes e construir um ambiente de qualidade para nossos colaboradores.<\/strong><\/p>\n<p>Quer saber mais do nosso estilo de gest\u00e3o e pr\u00e1ticas de clima organizacional? Produzimos um texto falando sobre estrat\u00e9gias, mudan\u00e7as e valores, que transformam diariamente a <a target=\"_blank\" href=\"https:\/\/prod.digital\/blog\/somos-gptw-mais-uma-vez\/\" rel=\"noopener\">Prod em um <strong>Great Place to Work<\/strong><\/a>. E claro, se tiver alguma d\u00favida, fale com a gente, <strong>queremos que voc\u00ea tamb\u00e9m seja GPTW<\/strong>.<\/p>\n","protected":false},"excerpt":{"rendered":"<p>O Great Place to Work (GPTW) &eacute; uma consultoria global que ajuda empresas a desenvolverem um &oacute;timo ambiente de trabalho para seus funcion&aacute;rios, para que, por meio de uma cultura que potencializa a confian&ccedil;a, alto desempenho e inova&ccedil;&atilde;o, obtenham melhores resultados de produ&ccedil;&atilde;o. Hoje, o Instituto Great Place to Work, fundado pelo jornalista Robert Lovering [&hellip;]<\/p>\n","protected":false},"author":16,"featured_media":3038,"comment_status":"open","ping_status":"open","sticky":false,"template":"","format":"standard","meta":{"_acf_changed":false,"footnotes":""},"categories":[385],"tags":[300],"class_list":["post-3033","post","type-post","status-publish","format-standard","has-post-thumbnail","hentry","category-vem-ser-prother","tag-gptw"],"acf":[],"_links":{"self":[{"href":"https:\/\/prod.digital\/blog\/wp-json\/wp\/v2\/posts\/3033","targetHints":{"allow":["GET"]}}],"collection":[{"href":"https:\/\/prod.digital\/blog\/wp-json\/wp\/v2\/posts"}],"about":[{"href":"https:\/\/prod.digital\/blog\/wp-json\/wp\/v2\/types\/post"}],"author":[{"embeddable":true,"href":"https:\/\/prod.digital\/blog\/wp-json\/wp\/v2\/users\/16"}],"replies":[{"embeddable":true,"href":"https:\/\/prod.digital\/blog\/wp-json\/wp\/v2\/comments?post=3033"}],"version-history":[{"count":6,"href":"https:\/\/prod.digital\/blog\/wp-json\/wp\/v2\/posts\/3033\/revisions"}],"predecessor-version":[{"id":3830,"href":"https:\/\/prod.digital\/blog\/wp-json\/wp\/v2\/posts\/3033\/revisions\/3830"}],"wp:featuredmedia":[{"embeddable":true,"href":"https:\/\/prod.digital\/blog\/wp-json\/wp\/v2\/media\/3038"}],"wp:attachment":[{"href":"https:\/\/prod.digital\/blog\/wp-json\/wp\/v2\/media?parent=3033"}],"wp:term":[{"taxonomy":"category","embeddable":true,"href":"https:\/\/prod.digital\/blog\/wp-json\/wp\/v2\/categories?post=3033"},{"taxonomy":"post_tag","embeddable":true,"href":"https:\/\/prod.digital\/blog\/wp-json\/wp\/v2\/tags?post=3033"}],"curies":[{"name":"wp","href":"https:\/\/api.w.org\/{rel}","templated":true}]}}