{"id":2887,"date":"2019-03-20T17:15:39","date_gmt":"2019-03-20T20:15:39","guid":{"rendered":"https:\/\/prod.digital\/blog\/\/?p=2887"},"modified":"2021-12-03T12:08:27","modified_gmt":"2021-12-03T15:08:27","slug":"12-metricas-para-reter-talentos","status":"publish","type":"post","link":"https:\/\/prod.digital\/blog\/12-metricas-para-reter-talentos\/","title":{"rendered":"12 m\u00e9tricas para reter os talentos da sua empresa"},"content":{"rendered":"<p>Qual o seu <strong>maior desafio<\/strong>, hoje, como gestor, diretor ou dono da sua empresa? Dif\u00edcil, n\u00e9? Podem existir algumas respostas diferentes, mas uma delas \u00e9 campe\u00e3: <strong>encontrar e reter talentos!<\/strong> Se por acaso voc\u00ea n\u00e3o concorda com essa resposta, ou \u00e9 uma pessoa de sorte ou tem um problema e ainda n\u00e3o sabe.<\/p>\n<p>O <strong>crescimento e o sucesso de longo prazo<\/strong> de uma empresa s\u00e3o diretamente proporcionais a sua <strong>capacidade de manter e desenvolver talentos<\/strong>. Isso se torna ainda mais verdade numa ag\u00eancia digital, onde o processo criativo e de desenvolvimento dos produtos digitais est\u00e1 totalmente vinculado a caracter\u00edstica t\u00e9cnica do time respons\u00e1vel pelo projeto. T<strong>udo depende do skill t\u00e9cnico dos profissionais<\/strong> alocados e do <a href=\"https:\/\/prod.digital\/blog\/perfil-comportamental\/\">perfil comportamental<\/a> individual.<\/p>\n<p>O mundo do trabalho atual \u00e9 preenchido, em grande parte, por uma gera\u00e7\u00e3o de profissionais que t\u00eam no<strong> prop\u00f3sito e na realiza\u00e7\u00e3o pessoal<\/strong> os grandes fatores de decis\u00e3o para se trabalhar numa empresa. \u00c9 claro que sal\u00e1rio e possibilidade de crescimento tamb\u00e9m s\u00e3o dimens\u00f5es que se apresentam para eles, mas na escala de import\u00e2ncia perdem de goleada para os outros.<\/p>\n<p>Essa nova din\u00e2mica de import\u00e2ncias traz \u00e0 luz uma necessidade da organiza\u00e7\u00e3o dar <strong>aten\u00e7\u00e3o a pontos-chave na reten\u00e7\u00e3o dos seus talentos<\/strong>. E at\u00e9 mesmo de perceber e antecipar o momento em que um talento est\u00e1 prestes a ir embora e n\u00e3o ser pego de surpresa quando um excelente funcion\u00e1rio apenas comunicar que est\u00e1 saindo porque aceitou uma nova proposta.<\/p>\n<p>Outro dia, lendo o livro &#8220;<a href=\"https:\/\/www.amazon.com.br\/First-Break-All-Rules-Differently\/dp\/0743510119\">First, Break All The Rules<\/a>&#8221; dos autores Marcus Buckingham e Curt Coffman, um trecho chamou aten\u00e7\u00e3o e \u00e9 \u00fatil para o tema desse post. <strong>S\u00e3o algumas m\u00e9tricas que transcreverei abaixo<\/strong>:<\/p>\n<h2 class=\"content-post\"><strong>12 m\u00e9tricas para medir a satisfa\u00e7\u00e3o dos talentos<\/strong><\/h2>\n<ul>\n<li>Eu sei o que \u00e9 esperado de mim no trabalho?<\/li>\n<li>Tenho os materiais e equipamentos necess\u00e1rios para fazer o meu trabalho de maneira adequada?<\/li>\n<li>No trabalho, tenho a oportunidade de fazer o que sei fazer melhor todos os dias?<\/li>\n<li>Nos \u00faltimos sete dias eu recebi algum reconhecimento ou pr\u00eamio por ter feito um bom trabalho?<\/li>\n<li>Meu supervisor, ou algu\u00e9m no trabalho, se preocupa comigo como pessoa?<\/li>\n<li>H\u00e1 algu\u00e9m no trabalho que encoraja o meu desenvolvimento? No trabalho, minhas opini\u00f5es s\u00e3o levadas em conta?<\/li>\n<li>A miss\u00e3o ou prop\u00f3sito da minha empresa me faz sentir que o meu trabalho \u00e9 importante?<\/li>\n<li>Meus colegas est\u00e3o comprometidos em fazer um trabalho de qualidade?<\/li>\n<li>Tenho um grande amigo no trabalho?<\/li>\n<li>Nos \u00faltimos seis meses, falei com algu\u00e9m sobre o meu progresso no trabalho?<\/li>\n<li>No trabalho, tenho tido oportunidades de aprendizado e crescimento?<\/li>\n<\/ul>\n<p>Perceba que as perguntas em momento <strong>nenhum falam de sal\u00e1rio ou mesmo de carreira<\/strong>. Mas sempre de satisfa\u00e7\u00e3o, prop\u00f3sito e senso de comunidade (equipe).<\/p>\n<p>E a\u00ed? Como voc\u00ea tem lidado com essas quest\u00f5es? Bora conversar sobre isso?<\/p>\n","protected":false},"excerpt":{"rendered":"<p>Qual o seu maior desafio, hoje, como gestor, diretor ou dono da sua empresa? Dif&iacute;cil, n&eacute;? Podem existir algumas respostas diferentes, mas uma delas &eacute; campe&atilde;: encontrar e reter talentos! Se por acaso voc&ecirc; n&atilde;o concorda com essa resposta, ou &eacute; uma pessoa de sorte ou tem um problema e ainda n&atilde;o sabe. O crescimento [&hellip;]<\/p>\n","protected":false},"author":3,"featured_media":3217,"comment_status":"open","ping_status":"open","sticky":false,"template":"","format":"standard","meta":{"_acf_changed":false,"footnotes":""},"categories":[348],"tags":[260,258,259],"class_list":["post-2887","post","type-post","status-publish","format-standard","has-post-thumbnail","hentry","category-marketing-digital","tag-encontrar-talentos","tag-reter-talentos","tag-talentos-na-empresa"],"acf":[],"_links":{"self":[{"href":"https:\/\/prod.digital\/blog\/wp-json\/wp\/v2\/posts\/2887","targetHints":{"allow":["GET"]}}],"collection":[{"href":"https:\/\/prod.digital\/blog\/wp-json\/wp\/v2\/posts"}],"about":[{"href":"https:\/\/prod.digital\/blog\/wp-json\/wp\/v2\/types\/post"}],"author":[{"embeddable":true,"href":"https:\/\/prod.digital\/blog\/wp-json\/wp\/v2\/users\/3"}],"replies":[{"embeddable":true,"href":"https:\/\/prod.digital\/blog\/wp-json\/wp\/v2\/comments?post=2887"}],"version-history":[{"count":5,"href":"https:\/\/prod.digital\/blog\/wp-json\/wp\/v2\/posts\/2887\/revisions"}],"predecessor-version":[{"id":2894,"href":"https:\/\/prod.digital\/blog\/wp-json\/wp\/v2\/posts\/2887\/revisions\/2894"}],"wp:featuredmedia":[{"embeddable":true,"href":"https:\/\/prod.digital\/blog\/wp-json\/wp\/v2\/media\/3217"}],"wp:attachment":[{"href":"https:\/\/prod.digital\/blog\/wp-json\/wp\/v2\/media?parent=2887"}],"wp:term":[{"taxonomy":"category","embeddable":true,"href":"https:\/\/prod.digital\/blog\/wp-json\/wp\/v2\/categories?post=2887"},{"taxonomy":"post_tag","embeddable":true,"href":"https:\/\/prod.digital\/blog\/wp-json\/wp\/v2\/tags?post=2887"}],"curies":[{"name":"wp","href":"https:\/\/api.w.org\/{rel}","templated":true}]}}