{"id":2832,"date":"2019-01-24T15:00:04","date_gmt":"2019-01-24T17:00:04","guid":{"rendered":"https:\/\/prod.digital\/blog\/\/?p=2832"},"modified":"2021-12-03T12:08:34","modified_gmt":"2021-12-03T15:08:34","slug":"igtv-e-o-video-vertical","status":"publish","type":"post","link":"https:\/\/prod.digital\/blog\/igtv-e-o-video-vertical\/","title":{"rendered":"IGTV e a tend\u00eancia de v\u00eddeo vertical"},"content":{"rendered":"<p>O IGTV, embora ainda engatinhe no Brasil, colocou sob holofotes uma realidade que ainda n\u00e3o estamos acostumados. E ele pode ser o impulso inicial de uma <strong>revolu\u00e7\u00e3o ainda maior que o lan\u00e7amento dessa nova plataforma<\/strong>. Sabe do que eu estou falando? N\u00e3o?! Ent\u00e3o, vou te explicar.<\/p>\n<h2 class=\"content-post\"><strong>O que \u00e9 o IGTV?<\/strong><\/h2>\n<p>IGTV (ou Instagram TV) \u00e9 uma plataforma lan\u00e7ada pelo Instagram em junho de 2018. Ela possibilita assistir e subir v\u00eddeos de at\u00e9 60 minutos de dura\u00e7\u00e3o e com qualidade 4K. <strong>O que mais chamou a aten\u00e7\u00e3o dos usu\u00e1rios \u00e9 o fato dos v\u00eddeos serem na vertical<\/strong>, afinal, s\u00e3o feitos para serem vistos apenas em smartphones.<br \/>\nEm uma publica\u00e7\u00e3o oficial, Kevin Systrom, o fundador do Instagram, disse: \u201cHoje ainda vemos v\u00eddeos no formato da TV. Isso faz a gente ter que virar o celular, n\u00e3o faz sentido. <strong>\u00c9 a \u00e9poca do v\u00eddeo avan\u00e7ar e evoluir<\/strong>. N\u00f3s reimaginamos v\u00eddeos no celular e queremos dividir com voc\u00eas.\u201d. Ou seja, deu pra perceber que eles n\u00e3o vieram para brincar, n\u00e9?!<br \/>\nInclusive, o Instagram vem inovando de diferentes formas, como com as <a href=\"https:\/\/prod.digital\/blog\/conta-verificada-no-instagram-saiba-como-ter-a-sua\/\">contas verificadas<\/a>, <a href=\"https:\/\/prod.digital\/blog\/loja-no-instagram-vitrine\/\">vitrines<\/a> e <a href=\"https:\/\/prod.digital\/blog\/10-recursos-para-bombar-nas-stories-do-instagram\/\">stories<\/a>, que tamb\u00e9m circulam v\u00eddeos verticais.<\/p>\n<h2 class=\"content-post\"><strong>V\u00eddeo vertical<\/strong><\/h2>\n<p>V\u00eddeo vertical \u00e9 uma tend\u00eancia que tamb\u00e9m \u00e9 conhecida como <strong>mobile friendly<\/strong> (\u201camig\u00e1vel para celular\u201d em tradu\u00e7\u00e3o livre). Esse termo se refere a <strong>tudo que se adapta aos smartphones<\/strong>, como um site responsivo para todas as telas, por exemplo.<br \/>\nE essas mudan\u00e7as t\u00eam se tornado cada vez mais fortes, afinal, <strong>49% dos brasileiros consomem conte\u00fados pelos smartphones<\/strong> e deixaram o computador de lado &#8211; segundo os resultados de um <a href=\"https:\/\/www.cetic.br\/pesquisa\/domicilios\/indicadores\">estudo divulgado<\/a> em 2017 pelo Comit\u00ea Gestor da Internet.<br \/>\nLogo, por melhorar a experi\u00eancia do usu\u00e1rio, <a href=\"https:\/\/adexchanger.com\/mobile\/advertisers-publishers-starting-get-vertical-video-program\/\">pesquisas apontam<\/a> que <strong>v\u00eddeos verticais s\u00e3o vistos at\u00e9 o final<\/strong> e a taxa de \u201cdesist\u00eancia\u201d \u00e9 inferior ao v\u00eddeo horizontal.<br \/>\nN\u00f3s j\u00e1 trabalhamos com v\u00eddeos verticais para alguns clientes da Prod, especialmente para campanhas de Ads nos stories do Instagram.<\/p>\n<h2 class=\"content-post\"><strong>Tem peixe grande entrando na onda<\/strong><\/h2>\n<p>A tend\u00eancia de mobile friendly est\u00e1 com tudo! Principalmente ap\u00f3s o Google anunciar que <strong><a href=\"https:\/\/www.raffcom.com.br\/blog\/sites-responsivos-ranquearao-melhor\/\">sites responsivos<\/a> agora t\u00eam prioridade no ranqueamento das pesquisas<\/strong>. Ou seja, se seu site n\u00e3o se adapta ao smartphone, chegou a hora de fazer essa mudan\u00e7a. Aqui na Prod, todos os sites que entregamos j\u00e1 s\u00e3o responsivos.<br \/>\nInclusive, o <strong>YouTube<\/strong> confirmou que o visualizador agora <strong>se ajusta aos v\u00eddeos verticais<\/strong>. Aquele \u201cfundo preto\u201d que antes ocupava o espa\u00e7o lateral nos v\u00eddeos 4:3 n\u00e3o existe mais.<br \/>\nAt\u00e9 o <strong>Spotify agora lan\u00e7a clipes gravados na vertical<\/strong>, alguns artistas como Anitta, Tribalistas, Taylor Swift e outros j\u00e1 veicularam v\u00eddeos seguindo essa tend\u00eancia.<\/p>\n<p>Deu pra sacar que v\u00eddeos verticais est\u00e3o chegando com tudo, n\u00e9? Gostando ou n\u00e3o,<strong> teremos que nos acostumar com essa realidade<\/strong>. J\u00e1 imaginou s\u00e9ries, filmes, propagandas, clipes e outros todos na vertical? Ent\u00e3o, comece a pensar como isso afetar\u00e1 voc\u00ea ou a rotina da sua empresa. Daqui alguns anos, <strong>v\u00eddeos horizontais ser\u00e3o como fita cassete<\/strong>: &#8220;\u00c9 s\u00e9rio que us\u00e1vamos isso?&#8221;<\/p>\n<p>Se voc\u00ea quiser conversar sobre site responsivo, v\u00eddeo vertical ou a tend\u00eancia mobile friendly, pode contar com a gente, ok? \ud83d\ude09<\/p>\n","protected":false},"excerpt":{"rendered":"<p>O IGTV, embora ainda engatinhe no Brasil, colocou sob holofotes uma realidade que ainda n&atilde;o estamos acostumados. E ele pode ser o impulso inicial de uma revolu&ccedil;&atilde;o ainda maior que o lan&ccedil;amento dessa nova plataforma. Sabe do que eu estou falando? N&atilde;o?! Ent&atilde;o, vou te explicar. O que &eacute; o IGTV? IGTV (ou Instagram TV) [&hellip;]<\/p>\n","protected":false},"author":7,"featured_media":3218,"comment_status":"open","ping_status":"open","sticky":false,"template":"","format":"standard","meta":{"_acf_changed":false,"footnotes":""},"categories":[348],"tags":[236,62,26,234,235],"class_list":["post-2832","post","type-post","status-publish","format-standard","has-post-thumbnail","hentry","category-marketing-digital","tag-igtv","tag-instagram","tag-marketing","tag-video","tag-video-vertical"],"acf":[],"_links":{"self":[{"href":"https:\/\/prod.digital\/blog\/wp-json\/wp\/v2\/posts\/2832","targetHints":{"allow":["GET"]}}],"collection":[{"href":"https:\/\/prod.digital\/blog\/wp-json\/wp\/v2\/posts"}],"about":[{"href":"https:\/\/prod.digital\/blog\/wp-json\/wp\/v2\/types\/post"}],"author":[{"embeddable":true,"href":"https:\/\/prod.digital\/blog\/wp-json\/wp\/v2\/users\/7"}],"replies":[{"embeddable":true,"href":"https:\/\/prod.digital\/blog\/wp-json\/wp\/v2\/comments?post=2832"}],"version-history":[{"count":1,"href":"https:\/\/prod.digital\/blog\/wp-json\/wp\/v2\/posts\/2832\/revisions"}],"predecessor-version":[{"id":2834,"href":"https:\/\/prod.digital\/blog\/wp-json\/wp\/v2\/posts\/2832\/revisions\/2834"}],"wp:featuredmedia":[{"embeddable":true,"href":"https:\/\/prod.digital\/blog\/wp-json\/wp\/v2\/media\/3218"}],"wp:attachment":[{"href":"https:\/\/prod.digital\/blog\/wp-json\/wp\/v2\/media?parent=2832"}],"wp:term":[{"taxonomy":"category","embeddable":true,"href":"https:\/\/prod.digital\/blog\/wp-json\/wp\/v2\/categories?post=2832"},{"taxonomy":"post_tag","embeddable":true,"href":"https:\/\/prod.digital\/blog\/wp-json\/wp\/v2\/tags?post=2832"}],"curies":[{"name":"wp","href":"https:\/\/api.w.org\/{rel}","templated":true}]}}